{"id":7066,"date":"2026-01-30T21:37:46","date_gmt":"2026-01-30T21:37:46","guid":{"rendered":"https:\/\/friburgonoticias.com.br\/temp\/2026\/01\/30\/boca-fechada-justica-mantem-decisao-que-proibe-garotinho-de-publicar-acusacoes-contra-prefeito-de-belford-roxo\/"},"modified":"2026-01-30T21:37:46","modified_gmt":"2026-01-30T21:37:46","slug":"boca-fechada-justica-mantem-decisao-que-proibe-garotinho-de-publicar-acusacoes-contra-prefeito-de-belford-roxo","status":"publish","type":"post","link":"https:\/\/friburgonoticias.com.br\/temp\/2026\/01\/30\/boca-fechada-justica-mantem-decisao-que-proibe-garotinho-de-publicar-acusacoes-contra-prefeito-de-belford-roxo\/","title":{"rendered":"Boca fechada: Justi\u00e7a mant\u00e9m decis\u00e3o que pro\u00edbe Garotinho de publicar acusa\u00e7\u00f5es contra prefeito de Belford Roxo"},"content":{"rendered":"<p><\/p>\n<div itemprop=\"articleBody\">\nA Justi\u00e7a do Rio manteve e ampliou a decis\u00e3o que pro\u00edbe Anthony Garotinho de publicar ou compartilhar, em redes sociais, conte\u00fados ofensivos ou acusat\u00f3rios contra o prefeito de Belford Roxo, Marcio Canella.<\/p>\n<p>A determina\u00e7\u00e3o \u00e9 da ju\u00edza Patricia Fernandes de Souza Brasileiro, do <a href=\"https:\/\/www.tjrj.jus.br\/\" target=\"_blank\" rel=\"noopener\">Tribunal de Justi\u00e7a do Rio de Janeiro (TJRJ)<\/a>, no \u00e2mbito de uma a\u00e7\u00e3o de obriga\u00e7\u00e3o de fazer e n\u00e3o fazer, com pedido de tutela antecipada.<\/p>\n<p>Na a\u00e7\u00e3o, o prefeito afirma que Garotinho divulgou postagens e repostagens com acusa\u00e7\u00f5es graves e sem comprova\u00e7\u00e3o, associando seu nome a mil\u00edcias e fac\u00e7\u00f5es criminosas. Segundo a defesa, as publica\u00e7\u00f5es atingem a honra, a imagem e a reputa\u00e7\u00e3o do autor.<\/p>\n<p>Em decis\u00e3o anterior, a Justi\u00e7a j\u00e1 havia determinado que o r\u00e9u se abstivesse de veicular publica\u00e7\u00f5es indicadas na peti\u00e7\u00e3o inicial, sob pena de multa di\u00e1ria de R$ 10 mil, limitada a R$ 100 mil. Em nova manifesta\u00e7\u00e3o, o autor informou que as acusa\u00e7\u00f5es continuaram sendo feitas, o que levou ao pedido de amplia\u00e7\u00e3o da medida.<\/p>\n<p>Ao analisar a emenda \u00e0 peti\u00e7\u00e3o inicial, a magistrada manteve a tutela provis\u00f3ria e afirmou que a decis\u00e3o n\u00e3o configura censura pr\u00e9via gen\u00e9rica, mas medida pontual para impedir a repeti\u00e7\u00e3o de condutas consideradas lesivas.<\/p>\n<p>Com isso, Garotinho fica proibido de realizar publica\u00e7\u00f5es, por qualquer meio ou plataforma, que atribuam de forma inver\u00eddica ao prefeito a pr\u00e1tica de infra\u00e7\u00f5es penais. A decis\u00e3o tamb\u00e9m determina a remo\u00e7\u00e3o de conte\u00fados ofensivos ou acusat\u00f3rios j\u00e1 publicados ou compartilhados em seu perfil nas redes sociais.<\/p>\n<p>Em nota, o prefeito Marcio Canella afirmou que vai adotar novas medidas judiciais contra o ex-governador. \u201cEsse Garotinho \u00e9 um rato de esgoto, um bandido de quinta categoria, um derrotado nas urnas. Ele fica acusando todo mundo para tentar extorquir e se beneficiar politicamente da classe pol\u00edtica. Confio na Justi\u00e7a do nosso pa\u00eds. Estou entrando com outra a\u00e7\u00e3o, desta vez criminal, e pedindo a pris\u00e3o dele\u201d, ressaltou.<\/p>\n<h2 class=\"wp-block-heading\">Cita\u00e7\u00e3o por WhatsApp<\/h2>\n<p>A decis\u00e3o determinou a cita\u00e7\u00e3o do r\u00e9u por meio do aplicativo de mensagens WhatsApp e o cumprimento integral da tutela provis\u00f3ria enquanto o processo estiver em andamento.<\/p>\n<p>O objetivo \u00e9 garantir a celeridade do andamento processual e assegurar a imediata ci\u00eancia do ex-governador sobre as obriga\u00e7\u00f5es impostas pela ordem judicial.<\/p>\n<p>A magistrada destacou ainda que a tutela provis\u00f3ria n\u00e3o configura \u201ccensura pr\u00e9via gen\u00e9rica\u201d, mas uma provid\u00eancia pontual e proporcional, destinada \u00e0 prote\u00e7\u00e3o dos direitos de personalidade e da honra do prefeito diante de acusa\u00e7\u00f5es consideradas inver\u00eddicas nos autos.<\/p>\n<p>O caso tramita sob o n\u00famero 0923040-07.2025.8.19.0001.<\/p>\n<\/div>\n<p><\/a><\/p>\n<p>Fonte: temporealrj.com<\/p>\n","protected":false},"excerpt":{"rendered":"<p>A Justi\u00e7a do Rio manteve e ampliou a decis\u00e3o que pro\u00edbe Anthony Garotinho de publicar ou compartilhar, em redes sociais, conte\u00fados ofensivos ou acusat\u00f3rios contra o prefeito de Belford Roxo, Marcio Canella. A determina\u00e7\u00e3o \u00e9 da ju\u00edza Patricia Fernandes de Souza Brasileiro, do Tribunal de Justi\u00e7a do Rio de Janeiro (TJRJ), no \u00e2mbito de uma [&hellip;]<\/p>\n","protected":false},"author":3,"featured_media":7067,"comment_status":"open","ping_status":"open","sticky":false,"template":"","format":"standard","meta":{"advanced_seo_description":"","jetpack_seo_html_title":"","jetpack_seo_noindex":false,"fifu_image_url":"https:\/\/temporealrj.com\/wp-content\/uploads\/2026\/01\/careca-garotinho-e1769808186913.jpg","fifu_image_alt":"","_jetpack_memberships_contains_paid_content":false,"footnotes":"","jetpack_publicize_message":"","jetpack_publicize_feature_enabled":true,"jetpack_social_post_already_shared":true,"jetpack_social_options":{"image_generator_settings":{"template":"highway","default_image_id":0,"font":"","enabled":false},"version":2}},"categories":[107],"tags":[],"class_list":{"0":"post-7066","1":"post","2":"type-post","3":"status-publish","4":"format-standard","5":"has-post-thumbnail","7":"category-economia"},"jetpack_publicize_connections":[],"jetpack_featured_media_url":"https:\/\/i0.wp.com\/temporealrj.com\/wp-content\/uploads\/2026\/01\/careca-garotinho-e1769808186913.jpg?fit=%2C&ssl=1","jetpack_sharing_enabled":true,"jetpack-related-posts":[],"_links":{"self":[{"href":"https:\/\/friburgonoticias.com.br\/temp\/wp-json\/wp\/v2\/posts\/7066","targetHints":{"allow":["GET"]}}],"collection":[{"href":"https:\/\/friburgonoticias.com.br\/temp\/wp-json\/wp\/v2\/posts"}],"about":[{"href":"https:\/\/friburgonoticias.com.br\/temp\/wp-json\/wp\/v2\/types\/post"}],"author":[{"embeddable":true,"href":"https:\/\/friburgonoticias.com.br\/temp\/wp-json\/wp\/v2\/users\/3"}],"replies":[{"embeddable":true,"href":"https:\/\/friburgonoticias.com.br\/temp\/wp-json\/wp\/v2\/comments?post=7066"}],"version-history":[{"count":0,"href":"https:\/\/friburgonoticias.com.br\/temp\/wp-json\/wp\/v2\/posts\/7066\/revisions"}],"wp:featuredmedia":[{"embeddable":true,"href":"https:\/\/friburgonoticias.com.br\/temp\/wp-json\/wp\/v2\/media\/7067"}],"wp:attachment":[{"href":"https:\/\/friburgonoticias.com.br\/temp\/wp-json\/wp\/v2\/media?parent=7066"}],"wp:term":[{"taxonomy":"category","embeddable":true,"href":"https:\/\/friburgonoticias.com.br\/temp\/wp-json\/wp\/v2\/categories?post=7066"},{"taxonomy":"post_tag","embeddable":true,"href":"https:\/\/friburgonoticias.com.br\/temp\/wp-json\/wp\/v2\/tags?post=7066"}],"curies":[{"name":"wp","href":"https:\/\/api.w.org\/{rel}","templated":true}]}}