{"id":7068,"date":"2026-01-31T16:25:24","date_gmt":"2026-01-31T16:25:24","guid":{"rendered":"https:\/\/friburgonoticias.com.br\/temp\/2026\/01\/31\/delaroli-presidente-da-alerj-troca-farpas-com-prefeito-de-rio-bonito-e-o-chama-de-pato-rouco\/"},"modified":"2026-01-31T16:25:24","modified_gmt":"2026-01-31T16:25:24","slug":"delaroli-presidente-da-alerj-troca-farpas-com-prefeito-de-rio-bonito-e-o-chama-de-pato-rouco","status":"publish","type":"post","link":"https:\/\/friburgonoticias.com.br\/temp\/2026\/01\/31\/delaroli-presidente-da-alerj-troca-farpas-com-prefeito-de-rio-bonito-e-o-chama-de-pato-rouco\/","title":{"rendered":"Delaroli, presidente da Alerj, troca farpas com prefeito de Rio Bonito e o chama de &#8216;pato rouco&#8217;"},"content":{"rendered":"<p><\/p>\n<div itemprop=\"articleBody\">\nO presidente em exerc\u00edcio da Assembleia Legislativa do Rio (Alerj)<a href=\"https:\/\/temporealrj.com\/delaroli-marca-retorno-alerj-proxima-terca-feira\/\">, Guilherme Delaroli (PL)<\/a>, trocou farpas e chamou o <a href=\"https:\/\/temporealrj.com\/justica-obriga-prefeitura-de-rio-bonito-a-divulgar-uso-de-recursos-da-privatizacao-da-cedae\/\">prefeito de Rio Bonito, Marcos Abrah\u00e3o (Uni\u00e3o)<\/a>, de \u201cpato rouco\u201d em resposta a cr\u00edticas \u00e0 gest\u00e3o de Itabora\u00ed \u2014 cidade comandada por seu irm\u00e3o, Marcelo Delaroli (PL). A fala foi publicada em v\u00eddeo nas redes sociais neste s\u00e1bado (31).<\/p>\n<p>Na grava\u00e7\u00e3o, Guilherme Delaroli aparece em meio a obras de asfaltamento em Itabora\u00ed e aproveita para rebater as cr\u00edticas do prefeito de Rio Bonito, que havia afirmado que deputados estariam priorizando cidades vizinhas em detrimento do seu munic\u00edpio.<\/p>\n<p>\u201cVi um v\u00eddeo de um cara, um prefeito pato rouco, gritando, esbravejando, dizendo que deputado s\u00f3 faz na cidade vizinha. \u00c9 \u00f3bvio: cidade vizinha tem projeto. Itabora\u00ed tem projeto, tem prefeito e tem planejamento\u201d, afirmou.<\/p>\n<h2 class=\"wp-block-heading\"><strong>\u2018Vai trabalhar\u2019, dispara Delaroli<\/strong><\/h2>\n<p>Em seguida, o deputado disse que o prefeito de Rio Bonito deveria \u201cesquecer a vida dos outros e cuidar da pr\u00f3pria cidade\u201d.<\/p>\n<p>\u201cJ\u00e1 falou do prefeito de Cachoeira de Macacu, j\u00e1 atacou Maric\u00e1, Saquarema e Itabora\u00ed. E como est\u00e1 Rio Bonito? Est\u00e1 tudo certo? A sa\u00fade est\u00e1 boa? As estradas est\u00e3o boas? Pare de olhar a vida dos outros. Vai trabalhar. A cidade precisa muito de voc\u00ea\u201d, completou.\n<\/p><\/div>\n<p><\/a><\/p>\n<p>Fonte: temporealrj.com<\/p>\n","protected":false},"excerpt":{"rendered":"<p>O presidente em exerc\u00edcio da Assembleia Legislativa do Rio (Alerj), Guilherme Delaroli (PL), trocou farpas e chamou o prefeito de Rio Bonito, Marcos Abrah\u00e3o (Uni\u00e3o), de \u201cpato rouco\u201d em resposta a cr\u00edticas \u00e0 gest\u00e3o de Itabora\u00ed \u2014 cidade comandada por seu irm\u00e3o, Marcelo Delaroli (PL). A fala foi publicada em v\u00eddeo nas redes sociais neste [&hellip;]<\/p>\n","protected":false},"author":3,"featured_media":7069,"comment_status":"open","ping_status":"open","sticky":false,"template":"","format":"standard","meta":{"advanced_seo_description":"","jetpack_seo_html_title":"","jetpack_seo_noindex":false,"fifu_image_url":"https:\/\/temporealrj.com\/wp-content\/uploads\/2026\/01\/Miniatura-do-YouTube-Antes-e-Depois-Edicao-de-Foto-Branco-e-Roxo-1-e1769874484439.png","fifu_image_alt":"","_jetpack_memberships_contains_paid_content":false,"footnotes":"","jetpack_publicize_message":"","jetpack_publicize_feature_enabled":true,"jetpack_social_post_already_shared":true,"jetpack_social_options":{"image_generator_settings":{"template":"highway","default_image_id":0,"font":"","enabled":false},"version":2}},"categories":[107],"tags":[],"class_list":{"0":"post-7068","1":"post","2":"type-post","3":"status-publish","4":"format-standard","5":"has-post-thumbnail","7":"category-economia"},"jetpack_publicize_connections":[],"jetpack_featured_media_url":"https:\/\/i0.wp.com\/temporealrj.com\/wp-content\/uploads\/2026\/01\/Miniatura-do-YouTube-Antes-e-Depois-Edicao-de-Foto-Branco-e-Roxo-1-e1769874484439.png?fit=%2C&ssl=1","jetpack_sharing_enabled":true,"jetpack-related-posts":[],"_links":{"self":[{"href":"https:\/\/friburgonoticias.com.br\/temp\/wp-json\/wp\/v2\/posts\/7068","targetHints":{"allow":["GET"]}}],"collection":[{"href":"https:\/\/friburgonoticias.com.br\/temp\/wp-json\/wp\/v2\/posts"}],"about":[{"href":"https:\/\/friburgonoticias.com.br\/temp\/wp-json\/wp\/v2\/types\/post"}],"author":[{"embeddable":true,"href":"https:\/\/friburgonoticias.com.br\/temp\/wp-json\/wp\/v2\/users\/3"}],"replies":[{"embeddable":true,"href":"https:\/\/friburgonoticias.com.br\/temp\/wp-json\/wp\/v2\/comments?post=7068"}],"version-history":[{"count":0,"href":"https:\/\/friburgonoticias.com.br\/temp\/wp-json\/wp\/v2\/posts\/7068\/revisions"}],"wp:featuredmedia":[{"embeddable":true,"href":"https:\/\/friburgonoticias.com.br\/temp\/wp-json\/wp\/v2\/media\/7069"}],"wp:attachment":[{"href":"https:\/\/friburgonoticias.com.br\/temp\/wp-json\/wp\/v2\/media?parent=7068"}],"wp:term":[{"taxonomy":"category","embeddable":true,"href":"https:\/\/friburgonoticias.com.br\/temp\/wp-json\/wp\/v2\/categories?post=7068"},{"taxonomy":"post_tag","embeddable":true,"href":"https:\/\/friburgonoticias.com.br\/temp\/wp-json\/wp\/v2\/tags?post=7068"}],"curies":[{"name":"wp","href":"https:\/\/api.w.org\/{rel}","templated":true}]}}