{"id":7076,"date":"2026-02-01T17:12:53","date_gmt":"2026-02-01T17:12:53","guid":{"rendered":"https:\/\/friburgonoticias.com.br\/temp\/2026\/02\/01\/no-colo-e-no-radar-do-psd-talita-galhardo-ganha-recepcao-calorosa-de-paes-e-cavaliere-em-jacarepagua\/"},"modified":"2026-02-01T17:12:53","modified_gmt":"2026-02-01T17:12:53","slug":"no-colo-e-no-radar-do-psd-talita-galhardo-ganha-recepcao-calorosa-de-paes-e-cavaliere-em-jacarepagua","status":"publish","type":"post","link":"https:\/\/friburgonoticias.com.br\/temp\/2026\/02\/01\/no-colo-e-no-radar-do-psd-talita-galhardo-ganha-recepcao-calorosa-de-paes-e-cavaliere-em-jacarepagua\/","title":{"rendered":"No colo e no radar do PSD, Talita Galhardo ganha recep\u00e7\u00e3o calorosa de Paes e Cavaliere em Jacarepagu\u00e1"},"content":{"rendered":"<p><\/p>\n<div itemprop=\"articleBody\">\nO muro est\u00e1 cada vez mais baixo para a <a href=\"https:\/\/www.camara.rio\/parlamentar?ver=talita-galhardo\" target=\"_blank\" rel=\"noopener\">vereadora Talita Galhardo<\/a> no PSD do Rio. Neste s\u00e1bado (31), a tucana marcou presen\u00e7a em um evento da prefeitura no Tanque, em Jacarepagu\u00e1, e foi recebida com muitos afagos pelo prefeito Eduardo Paes, pelo vice Eduardo Cavaliere e pelo secret\u00e1rio de Educa\u00e7\u00e3o, Renan Ferreirinha.<\/p>\n<p>A foto diz tudo. Talita chega ao Gin\u00e1sio Educacional Tecnol\u00f3gico (GET) Pio X para a entrega de uniformes e kits escolares e \u00e9 carregada no colo pelos dois representantes da prefeitura. Mas a verdade \u00e9 que o que eles querem mesmo \u00e9 \u201ccarreg\u00e1-la\u201d para o PSD.<\/p>\n<h2 class=\"wp-block-heading\">Talita Galhardo j\u00e1 foi subprefeita no governo Paes<\/h2>\n<p><a href=\"https:\/\/temporealrj.com\/a-nada-facil-vida-de-mulher-talita-galhardo-conta-que-sua-demissao-em-2023-aconteceu-durante-complexo-tratamento-para-engravidar\/\">A tucana, vale lembrar, j\u00e1 esteve do mesmo lado do governo Paes n\u00e3o faz tanto tempo assim<\/a>. Ela foi subprefeita de Jacarepagu\u00e1. No entanto, pediu demiss\u00e3o do cargo em 2023, depois de ter sido destratada pelo prefeito em uma agenda p\u00fablica, diante de moradores do Parque Gard\u00eania Azul.<\/p>\n<p><a href=\"https:\/\/temporealrj.com\/quase-um-ano-depois-paes-pede-desculpas-publicas-a-talita-galhardo\/\">Quase um ano depois, em mar\u00e7o de 2024, Paes se desculpou publicamente<\/a>, por meio de um v\u00eddeo nas redes sociais, com direito a elogios. Agora, resta saber se essa alian\u00e7a \u2014 que j\u00e1 teve altos, baixos e pedidos de desculpa \u2014 pode mesmo ser refeita.<\/p>\n<\/div>\n<p><\/a><\/p>\n<p>Fonte: temporealrj.com<\/p>\n","protected":false},"excerpt":{"rendered":"<p>O muro est\u00e1 cada vez mais baixo para a vereadora Talita Galhardo no PSD do Rio. Neste s\u00e1bado (31), a tucana marcou presen\u00e7a em um evento da prefeitura no Tanque, em Jacarepagu\u00e1, e foi recebida com muitos afagos pelo prefeito Eduardo Paes, pelo vice Eduardo Cavaliere e pelo secret\u00e1rio de Educa\u00e7\u00e3o, Renan Ferreirinha. A foto [&hellip;]<\/p>\n","protected":false},"author":3,"featured_media":7077,"comment_status":"open","ping_status":"open","sticky":false,"template":"","format":"standard","meta":{"advanced_seo_description":"","jetpack_seo_html_title":"","jetpack_seo_noindex":false,"fifu_image_url":"https:\/\/temporealrj.com\/wp-content\/uploads\/2026\/02\/WhatsApp-Image-2026-02-01-at-13.15.04-e1769965586322.jpeg","fifu_image_alt":"","_jetpack_memberships_contains_paid_content":false,"footnotes":"","jetpack_publicize_message":"","jetpack_publicize_feature_enabled":true,"jetpack_social_post_already_shared":true,"jetpack_social_options":{"image_generator_settings":{"template":"highway","default_image_id":0,"font":"","enabled":false},"version":2}},"categories":[107],"tags":[],"class_list":{"0":"post-7076","1":"post","2":"type-post","3":"status-publish","4":"format-standard","5":"has-post-thumbnail","7":"category-economia"},"jetpack_publicize_connections":[],"jetpack_featured_media_url":"https:\/\/i0.wp.com\/temporealrj.com\/wp-content\/uploads\/2026\/02\/WhatsApp-Image-2026-02-01-at-13.15.04-e1769965586322.jpeg?fit=%2C&ssl=1","jetpack_sharing_enabled":true,"jetpack-related-posts":[],"_links":{"self":[{"href":"https:\/\/friburgonoticias.com.br\/temp\/wp-json\/wp\/v2\/posts\/7076","targetHints":{"allow":["GET"]}}],"collection":[{"href":"https:\/\/friburgonoticias.com.br\/temp\/wp-json\/wp\/v2\/posts"}],"about":[{"href":"https:\/\/friburgonoticias.com.br\/temp\/wp-json\/wp\/v2\/types\/post"}],"author":[{"embeddable":true,"href":"https:\/\/friburgonoticias.com.br\/temp\/wp-json\/wp\/v2\/users\/3"}],"replies":[{"embeddable":true,"href":"https:\/\/friburgonoticias.com.br\/temp\/wp-json\/wp\/v2\/comments?post=7076"}],"version-history":[{"count":0,"href":"https:\/\/friburgonoticias.com.br\/temp\/wp-json\/wp\/v2\/posts\/7076\/revisions"}],"wp:featuredmedia":[{"embeddable":true,"href":"https:\/\/friburgonoticias.com.br\/temp\/wp-json\/wp\/v2\/media\/7077"}],"wp:attachment":[{"href":"https:\/\/friburgonoticias.com.br\/temp\/wp-json\/wp\/v2\/media?parent=7076"}],"wp:term":[{"taxonomy":"category","embeddable":true,"href":"https:\/\/friburgonoticias.com.br\/temp\/wp-json\/wp\/v2\/categories?post=7076"},{"taxonomy":"post_tag","embeddable":true,"href":"https:\/\/friburgonoticias.com.br\/temp\/wp-json\/wp\/v2\/tags?post=7076"}],"curies":[{"name":"wp","href":"https:\/\/api.w.org\/{rel}","templated":true}]}}