{"id":7140,"date":"2026-02-03T21:17:59","date_gmt":"2026-02-03T21:17:59","guid":{"rendered":"https:\/\/friburgonoticias.com.br\/temp\/2026\/02\/03\/projeto-cria-programa-nacional-para-financiar-casas-abrigo-para-mulheres-vitimas-de-violencia-noticias\/"},"modified":"2026-02-03T21:17:59","modified_gmt":"2026-02-03T21:17:59","slug":"projeto-cria-programa-nacional-para-financiar-casas-abrigo-para-mulheres-vitimas-de-violencia-noticias","status":"publish","type":"post","link":"https:\/\/friburgonoticias.com.br\/temp\/2026\/02\/03\/projeto-cria-programa-nacional-para-financiar-casas-abrigo-para-mulheres-vitimas-de-violencia-noticias\/","title":{"rendered":"Projeto cria programa nacional para financiar casas-abrigo para mulheres v\u00edtimas de viol\u00eancia &#8211; Not\u00edcias"},"content":{"rendered":"<p><\/p>\n<div>\n<p class=\"g-artigo__data-hora\">\n                      03\/02\/2026 &#8211; 17:08 \u00a0\n                    <\/p>\n<div id=\"image-container-1242138\" class=\"image-container\" style=\"float: none; margin: 45px 0px; width: 100%;\" data-midia=\"1242138\">\n        <em>Kayo Magalh\u00e3es\/C\u00e2mara dos Deputados<\/em><\/p>\n<p>        Deputado Maur\u00edcio Carvalho, autor do projeto de lei\n        <\/p><\/div>\n<p class=\"mb-2 whitespace-pre-wrap\">O Projeto de Lei 264\/25 cria o Programa Nacional de Amplia\u00e7\u00e3o e Manuten\u00e7\u00e3o de Casas-Abrigo para Mulheres em Situa\u00e7\u00e3o de Risco. O objetivo \u00e9 garantir o repasse de recursos federais para constru\u00e7\u00e3o, reforma e custeio desses locais em munic\u00edpios com mais de 50 mil habitantes. A proposta est\u00e1 em an\u00e1lise na C\u00e2mara dos Deputados.<\/p>\n<p class=\"mb-2 whitespace-pre-wrap\">As casas-abrigo s\u00e3o unidades de prote\u00e7\u00e3o destinadas a acolher mulheres (e seus dependentes) que sofrem viol\u00eancia dom\u00e9stica e familiar e correm risco iminente de morte ou les\u00e3o grave.<\/p>\n<p class=\"mb-2 whitespace-pre-wrap\">De acordo com o texto,\u00a0os munic\u00edpios ser\u00e3o respons\u00e1veis pela instala\u00e7\u00e3o e gest\u00e3o das unidades, que devem funcionar em endere\u00e7o sigiloso e de forma ininterrupta (24 horas). O projeto permite que cidades vizinhas com menos de 50 mil habitantes se unam para criar e manter uma casa-abrigo conjunta.<\/p>\n<p class=\"mb-2 whitespace-pre-wrap\">O autor, deputado Maur\u00edcio Carvalho (Uni\u00e3o-RO), argumenta que, embora a <a href=\"https:\/\/www2.camara.leg.br\/legin\/fed\/lei\/2006\/lei-11340-7-agosto-2006-545133-norma-pl.html\">Lei Maria da Penha<\/a> preveja a cria\u00e7\u00e3o de abrigos, a implementa\u00e7\u00e3o ainda \u00e9 insuficiente e depende muito de iniciativas locais isoladas.<\/p>\n<p class=\"mb-2 whitespace-pre-wrap\">&#8220;O apoio social e estatal no momento em que a mulher sofre a viol\u00eancia dom\u00e9stica e familiar \u00e9 crucial para que ela possa sair do ciclo de viol\u00eancia e reorganizar sua vida de modo aut\u00f4nomo&#8221;, afirma o parlamentar na justificativa.<\/p>\n<p class=\"mb-2 whitespace-pre-wrap\">Ele destaca que o ritmo de constru\u00e7\u00e3o de unidades como a Casa da Mulher Brasileira tem sido lento e que \u00e9 urgente criar uma rede de prote\u00e7\u00e3o imediata para casos de risco de morte.<\/p>\n<p class=\"mb-2 whitespace-pre-wrap\"><strong>Regras de acolhimento<br \/><\/strong>O projeto detalha quem pode ser acolhido nesses locais:<\/p>\n<ul>\n<li>Mulheres em situa\u00e7\u00e3o de viol\u00eancia dom\u00e9stica com risco de morte;<\/li>\n<li>Dependentes do sexo feminino (sem limite de idade);<\/li>\n<li>Dependentes do sexo masculino (at\u00e9 12 anos incompletos);<\/li>\n<li>Crian\u00e7as e adolescentes do sexo feminino em situa\u00e7\u00e3o de risco, acompanhadas pela respons\u00e1vel legal.<\/li>\n<\/ul>\n<p class=\"mb-2 whitespace-pre-wrap\">Para garantir a seguran\u00e7a, o endere\u00e7o deve ser mantido em segredo. O texto prev\u00ea, no entanto, que o sigilo pode ser flexibilizado excepcionalmente, desde que haja prote\u00e7\u00e3o policial ou tecnol\u00f3gica e que o local n\u00e3o tenha placas de identifica\u00e7\u00e3o nem seja divulgado em documentos p\u00fablicos.<\/p>\n<p class=\"mb-2 whitespace-pre-wrap\"><strong>Financiamento<br \/><\/strong>Os recursos para o programa vir\u00e3o do or\u00e7amento do Minist\u00e9rio das Mulheres e do Fundo Nacional de Seguran\u00e7a P\u00fablica (FNSP). Para receber a verba, as prefeituras dever\u00e3o se cadastrar no Minist\u00e9rio e enviar relat\u00f3rios anuais sobre o uso do dinheiro e os resultados alcan\u00e7ados.<\/p>\n<p>        <strong>Pr\u00f3ximos passos<br \/><\/strong>A proposta ser\u00e1 analisada de forma <span id=\"4322\" class=\"termoGlossario\" title=\"Rito de tramita\u00e7\u00e3o pelo qual o projeto \u00e9 votado apenas pelas comiss\u00f5es designadas para analis\u00e1-lo, dispensada a delibera\u00e7\u00e3o do Plen\u00e1rio. O projeto perde o car\u00e1ter conclusivo se houver decis\u00e3o divergente entre as comiss\u00f5es ou se, independentemente de ser aprovado ou rejeitado, houver recurso assinado por 52 deputados para a aprecia\u00e7\u00e3o da mat\u00e9ria no Plen\u00e1rio.\" contenteditable=\"false\" data-toggle=\"tooltip\" data-placement=\"top\">conclusiva<\/span> pelas comiss\u00f5es de Defesa dos Direitos da Mulher; de Finan\u00e7as e Tributa\u00e7\u00e3o; e de Constitui\u00e7\u00e3o e Justi\u00e7a e de Cidadania.<\/p>\n<p style=\"font-size: 0.8rem; font-weight: 700;\">Reportagem \u2013 Emanuelle Brasil<br \/>Edi\u00e7\u00e3o \u2013 Roberto Seabra<\/p>\n<\/p><\/div>\n<p><\/a><\/p>\n<p>Fonte: www.camara.leg.br<\/p>\n","protected":false},"excerpt":{"rendered":"<p>03\/02\/2026 &#8211; 17:08 \u00a0 Kayo Magalh\u00e3es\/C\u00e2mara dos Deputados Deputado Maur\u00edcio Carvalho, autor do projeto de lei O Projeto de Lei 264\/25 cria o Programa Nacional de Amplia\u00e7\u00e3o e Manuten\u00e7\u00e3o de Casas-Abrigo para Mulheres em Situa\u00e7\u00e3o de Risco. O objetivo \u00e9 garantir o repasse de recursos federais para constru\u00e7\u00e3o, reforma e custeio desses locais em munic\u00edpios [&hellip;]<\/p>\n","protected":false},"author":3,"featured_media":7141,"comment_status":"open","ping_status":"open","sticky":false,"template":"","format":"standard","meta":{"advanced_seo_description":"","jetpack_seo_html_title":"","jetpack_seo_noindex":false,"fifu_image_url":"https:\/\/www.camara.leg.br\/midias\/image\/2026\/02\/img20250521120555782-768x473.jpg","fifu_image_alt":"","_jetpack_memberships_contains_paid_content":false,"footnotes":"","jetpack_publicize_message":"","jetpack_publicize_feature_enabled":true,"jetpack_social_post_already_shared":true,"jetpack_social_options":{"image_generator_settings":{"template":"highway","default_image_id":0,"font":"","enabled":false},"version":2}},"categories":[106,1],"tags":[],"class_list":{"0":"post-7140","1":"post","2":"type-post","3":"status-publish","4":"format-standard","5":"has-post-thumbnail","7":"category-politica","8":"category-uncategorized"},"jetpack_publicize_connections":[],"jetpack_featured_media_url":"https:\/\/i0.wp.com\/www.camara.leg.br\/midias\/image\/2026\/02\/img20250521120555782-768x473.jpg?fit=%2C&ssl=1","jetpack_sharing_enabled":true,"jetpack-related-posts":[],"_links":{"self":[{"href":"https:\/\/friburgonoticias.com.br\/temp\/wp-json\/wp\/v2\/posts\/7140","targetHints":{"allow":["GET"]}}],"collection":[{"href":"https:\/\/friburgonoticias.com.br\/temp\/wp-json\/wp\/v2\/posts"}],"about":[{"href":"https:\/\/friburgonoticias.com.br\/temp\/wp-json\/wp\/v2\/types\/post"}],"author":[{"embeddable":true,"href":"https:\/\/friburgonoticias.com.br\/temp\/wp-json\/wp\/v2\/users\/3"}],"replies":[{"embeddable":true,"href":"https:\/\/friburgonoticias.com.br\/temp\/wp-json\/wp\/v2\/comments?post=7140"}],"version-history":[{"count":0,"href":"https:\/\/friburgonoticias.com.br\/temp\/wp-json\/wp\/v2\/posts\/7140\/revisions"}],"wp:featuredmedia":[{"embeddable":true,"href":"https:\/\/friburgonoticias.com.br\/temp\/wp-json\/wp\/v2\/media\/7141"}],"wp:attachment":[{"href":"https:\/\/friburgonoticias.com.br\/temp\/wp-json\/wp\/v2\/media?parent=7140"}],"wp:term":[{"taxonomy":"category","embeddable":true,"href":"https:\/\/friburgonoticias.com.br\/temp\/wp-json\/wp\/v2\/categories?post=7140"},{"taxonomy":"post_tag","embeddable":true,"href":"https:\/\/friburgonoticias.com.br\/temp\/wp-json\/wp\/v2\/tags?post=7140"}],"curies":[{"name":"wp","href":"https:\/\/api.w.org\/{rel}","templated":true}]}}