{"id":7142,"date":"2026-02-03T22:17:58","date_gmt":"2026-02-03T22:17:58","guid":{"rendered":"https:\/\/friburgonoticias.com.br\/temp\/2026\/02\/03\/morre-o-ex-deputado-federal-jose-borba-noticias\/"},"modified":"2026-02-03T22:17:58","modified_gmt":"2026-02-03T22:17:58","slug":"morre-o-ex-deputado-federal-jose-borba-noticias","status":"publish","type":"post","link":"https:\/\/friburgonoticias.com.br\/temp\/2026\/02\/03\/morre-o-ex-deputado-federal-jose-borba-noticias\/","title":{"rendered":"Morre o ex-deputado federal Jos\u00e9 Borba &#8211; Not\u00edcias"},"content":{"rendered":"<p><\/p>\n<div>\n<div>\n<p class=\"g-artigo__data-hora\">\n                      03\/02\/2026 &#8211; 19:08 \u00a0\n                    <\/p>\n<div id=\"image-container-1242261\" class=\"image-container\" style=\"float: none; margin: 45px 0px; width: 100%;\" data-midia=\"1242261\">\n        <em>Acervo \/ C\u00e2mara dos Deputados<\/em><\/p>\n<p>        Ex-deputado federal Jos\u00e9 Borba\n        <\/p><\/div>\n<p>        Morreu nesta ter\u00e7a-feira (3), aos 76 anos, o ex-deputado federal Jos\u00e9 Borba, do MDB do Paran\u00e1. Borba tamb\u00e9m foi prefeito e vereador de Jandaia do Sul (PR). A causa da morte n\u00e3o foi informada.<br \/>\n        Borba nasceu em 14 de julho de 1949. Contador de forma\u00e7\u00e3o, tamb\u00e9m atuou como empres\u00e1rio e pecuarista. Sua carreira pol\u00edtica teve in\u00edcio na C\u00e2mara Municipal de Jandaia do Sul, onde exerceu o cargo de vereador entre 1977 e 1981. Anos depois, foi eleito prefeito do munic\u00edpio por dois mandatos: 1989 a 1993 e 2009 a 2012.<br \/>\n        Foi eleito deputado federal pelo Paran\u00e1, mandato que exerceu por tr\u00eas <span id=\"4093\" class=\"termoGlossario\" title=\"Espa\u00e7o de tempo durante o qual os legisladores exercem seu poder. No Brasil, a dura\u00e7\u00e3o da legislatura \u00e9 de quatro anos.  \" contenteditable=\"false\" data-toggle=\"tooltip\" data-placement=\"top\">legislaturas<\/span> consecutivas, entre 1995 e 2005. Foi l\u00edder do MDB na C\u00e2mara entre 2004 e 2005. Envolvido no processo do chamado &#8220;mensal\u00e3o&#8221;, renunciou ao mandato de deputado em 2005.<\/p>\n<p style=\"font-size: 0.8rem; font-weight: 700;\">Da Reda\u00e7\u00e3o &#8211; RS<\/p>\n<\/p><\/div>\n<\/p><\/div>\n<p><\/a><\/p>\n<p>Fonte: www.camara.leg.br<\/p>\n","protected":false},"excerpt":{"rendered":"<p>03\/02\/2026 &#8211; 19:08 \u00a0 Acervo \/ C\u00e2mara dos Deputados Ex-deputado federal Jos\u00e9 Borba Morreu nesta ter\u00e7a-feira (3), aos 76 anos, o ex-deputado federal Jos\u00e9 Borba, do MDB do Paran\u00e1. Borba tamb\u00e9m foi prefeito e vereador de Jandaia do Sul (PR). A causa da morte n\u00e3o foi informada. Borba nasceu em 14 de julho de 1949. [&hellip;]<\/p>\n","protected":false},"author":3,"featured_media":7143,"comment_status":"open","ping_status":"open","sticky":false,"template":"","format":"standard","meta":{"advanced_seo_description":"","jetpack_seo_html_title":"","jetpack_seo_noindex":false,"fifu_image_url":"https:\/\/www.camara.leg.br\/midias\/image\/2026\/02\/deputado-jos-borba-768x504.jpg","fifu_image_alt":"","_jetpack_memberships_contains_paid_content":false,"footnotes":"","jetpack_publicize_message":"","jetpack_publicize_feature_enabled":true,"jetpack_social_post_already_shared":true,"jetpack_social_options":{"image_generator_settings":{"template":"highway","default_image_id":0,"font":"","enabled":false},"version":2}},"categories":[106,1],"tags":[],"class_list":{"0":"post-7142","1":"post","2":"type-post","3":"status-publish","4":"format-standard","5":"has-post-thumbnail","7":"category-politica","8":"category-uncategorized"},"jetpack_publicize_connections":[],"jetpack_featured_media_url":"https:\/\/i0.wp.com\/www.camara.leg.br\/midias\/image\/2026\/02\/deputado-jos-borba-768x504.jpg?fit=%2C&ssl=1","jetpack_sharing_enabled":true,"jetpack-related-posts":[],"_links":{"self":[{"href":"https:\/\/friburgonoticias.com.br\/temp\/wp-json\/wp\/v2\/posts\/7142","targetHints":{"allow":["GET"]}}],"collection":[{"href":"https:\/\/friburgonoticias.com.br\/temp\/wp-json\/wp\/v2\/posts"}],"about":[{"href":"https:\/\/friburgonoticias.com.br\/temp\/wp-json\/wp\/v2\/types\/post"}],"author":[{"embeddable":true,"href":"https:\/\/friburgonoticias.com.br\/temp\/wp-json\/wp\/v2\/users\/3"}],"replies":[{"embeddable":true,"href":"https:\/\/friburgonoticias.com.br\/temp\/wp-json\/wp\/v2\/comments?post=7142"}],"version-history":[{"count":0,"href":"https:\/\/friburgonoticias.com.br\/temp\/wp-json\/wp\/v2\/posts\/7142\/revisions"}],"wp:featuredmedia":[{"embeddable":true,"href":"https:\/\/friburgonoticias.com.br\/temp\/wp-json\/wp\/v2\/media\/7143"}],"wp:attachment":[{"href":"https:\/\/friburgonoticias.com.br\/temp\/wp-json\/wp\/v2\/media?parent=7142"}],"wp:term":[{"taxonomy":"category","embeddable":true,"href":"https:\/\/friburgonoticias.com.br\/temp\/wp-json\/wp\/v2\/categories?post=7142"},{"taxonomy":"post_tag","embeddable":true,"href":"https:\/\/friburgonoticias.com.br\/temp\/wp-json\/wp\/v2\/tags?post=7142"}],"curies":[{"name":"wp","href":"https:\/\/api.w.org\/{rel}","templated":true}]}}