{"id":7146,"date":"2026-02-04T13:22:57","date_gmt":"2026-02-04T13:22:57","guid":{"rendered":"https:\/\/friburgonoticias.com.br\/temp\/2026\/02\/04\/conselho-de-etica-pode-votar-nesta-quarta-parecer-preliminar-sobre-denuncia-contra-lindbergh-farias-noticias\/"},"modified":"2026-02-04T13:22:57","modified_gmt":"2026-02-04T13:22:57","slug":"conselho-de-etica-pode-votar-nesta-quarta-parecer-preliminar-sobre-denuncia-contra-lindbergh-farias-noticias","status":"publish","type":"post","link":"https:\/\/friburgonoticias.com.br\/temp\/2026\/02\/04\/conselho-de-etica-pode-votar-nesta-quarta-parecer-preliminar-sobre-denuncia-contra-lindbergh-farias-noticias\/","title":{"rendered":"Conselho de \u00c9tica pode votar nesta quarta parecer preliminar sobre den\u00fancia contra Lindbergh Farias &#8211; Not\u00edcias"},"content":{"rendered":"<p><\/p>\n<div>\n<div>\n<p class=\"g-artigo__data-hora\">\n                      04\/02\/2026 &#8211; 09:00 \u00a0\n                    <\/p>\n<div id=\"image-container-1242380\" class=\"image-container\" style=\"float: none; margin: 45px 0px; width: 100%;\" data-midia=\"1242380\">\n        <em>Kayo Magalh\u00e3es \/ C\u00e2mara dos Deputados<\/em><\/p>\n<p>        Reuni\u00e3o do Conselho de \u00c9tica e Decoro Parlamentar\n        <\/p><\/div>\n<p data-start=\"96\" data-end=\"339\">O <span id=\"4203\" class=\"termoGlossario\" title=\"\" contenteditable=\"false\" data-toggle=\"tooltip\" data-placement=\"top\" data-original-title=\"\u00d3rg\u00e3o encarregado de zelar pela observ\u00e2ncia da \u00e9tica e do decoro parlamentar na C\u00e2mara. Compete-lhe instaurar e instruir os processos disciplinares referentes a den\u00fancias de atos incompat\u00edveis com o decoro parlamentar, recomendando ou n\u00e3o puni\u00e7\u00f5es cab\u00edveis aos deputados, que v\u00e3o desde a censura oral at\u00e9 a perda de mandato. Caso recomende puni\u00e7\u00f5es severas, o parecer do conselho dever\u00e1 ser votado pelo Plen\u00e1rio em dois dias, em vota\u00e7\u00e3o secreta. O conselho atua mediante provoca\u00e7\u00e3o da Mesa Diretora, nos casos de instaura\u00e7\u00e3o de processo disciplinar.\">Conselho de \u00c9tica e Decoro Parlamentar<\/span> da C\u00e2mara dos Deputados re\u00fane-se nesta quarta-feira (4) para discuss\u00e3o e vota\u00e7\u00e3o do <span id=\"4094\" class=\"termoGlossario\" title=\"Esp\u00e9cie de proposi\u00e7\u00e3o legislativa, acess\u00f3ria, na qual o relator expressa uma opini\u00e3o favor\u00e1vel ou contr\u00e1ria \u00e0 proposta \u00e0 qual se refere. \" contenteditable=\"false\" data-toggle=\"tooltip\" data-placement=\"top\">parecer<\/span> preliminar do relator, deputado Fernando Rodolfo (PL-PE), referente \u00e0 den\u00fancia contra o deputado Lindbergh Farias (PT-RJ) (<a href=\"https:\/\/www.camara.leg.br\/proposicoesWeb\/fichadetramitacao?idProposicao=2545976\">Representa\u00e7\u00e3o 9\/25<\/a>).<\/p>\n<p data-start=\"96\" data-end=\"339\">A reuni\u00e3o est\u00e1 marcada para as 14 horas, no plen\u00e1rio 11.<\/p>\n<p data-start=\"365\" data-end=\"640\">Na representa\u00e7\u00e3o, o partido Novo acusa o parlamentar de divulgar, em redes sociais, imputa\u00e7\u00f5es falsas ao deputado Marcel van Hattem (Novo-RS).<\/p>\n<p data-start=\"642\" data-end=\"788\">A an\u00e1lise do parecer \u00e9 etapa inicial do processo no colegiado e pode levar \u00e0 abertura de investiga\u00e7\u00e3o sobre poss\u00edvel quebra de <span id=\"4090\" class=\"termoGlossario\" title=\"Conjunto de princ\u00edpios \u00e9ticos e normas de conduta que devem orientar o comportamento do parlamentar no exerc\u00edcio de seu mandato. \" contenteditable=\"false\" data-toggle=\"tooltip\" data-placement=\"top\">decoro parlamentar<\/span>.<\/p>\n<p style=\"font-size: 0.8rem; font-weight: 700;\">Da Reda\u00e7\u00e3o &#8211; MB<\/p>\n<\/p><\/div>\n<\/p><\/div>\n<p><\/a><\/p>\n<p>Fonte: www.camara.leg.br<\/p>\n","protected":false},"excerpt":{"rendered":"<p>04\/02\/2026 &#8211; 09:00 \u00a0 Kayo Magalh\u00e3es \/ C\u00e2mara dos Deputados Reuni\u00e3o do Conselho de \u00c9tica e Decoro Parlamentar O Conselho de \u00c9tica e Decoro Parlamentar da C\u00e2mara dos Deputados re\u00fane-se nesta quarta-feira (4) para discuss\u00e3o e vota\u00e7\u00e3o do parecer preliminar do relator, deputado Fernando Rodolfo (PL-PE), referente \u00e0 den\u00fancia contra o deputado Lindbergh Farias (PT-RJ) [&hellip;]<\/p>\n","protected":false},"author":3,"featured_media":7147,"comment_status":"open","ping_status":"open","sticky":false,"template":"","format":"standard","meta":{"advanced_seo_description":"","jetpack_seo_html_title":"","jetpack_seo_noindex":false,"fifu_image_url":"https:\/\/www.camara.leg.br\/midias\/image\/2026\/02\/img20251216111805528-768x473.jpg","fifu_image_alt":"","_jetpack_memberships_contains_paid_content":false,"footnotes":"","jetpack_publicize_message":"","jetpack_publicize_feature_enabled":true,"jetpack_social_post_already_shared":true,"jetpack_social_options":{"image_generator_settings":{"template":"highway","default_image_id":0,"font":"","enabled":false},"version":2}},"categories":[106,1],"tags":[],"class_list":{"0":"post-7146","1":"post","2":"type-post","3":"status-publish","4":"format-standard","5":"has-post-thumbnail","7":"category-politica","8":"category-uncategorized"},"jetpack_publicize_connections":[],"jetpack_featured_media_url":"https:\/\/i0.wp.com\/www.camara.leg.br\/midias\/image\/2026\/02\/img20251216111805528-768x473.jpg?fit=%2C&ssl=1","jetpack_sharing_enabled":true,"jetpack-related-posts":[],"_links":{"self":[{"href":"https:\/\/friburgonoticias.com.br\/temp\/wp-json\/wp\/v2\/posts\/7146","targetHints":{"allow":["GET"]}}],"collection":[{"href":"https:\/\/friburgonoticias.com.br\/temp\/wp-json\/wp\/v2\/posts"}],"about":[{"href":"https:\/\/friburgonoticias.com.br\/temp\/wp-json\/wp\/v2\/types\/post"}],"author":[{"embeddable":true,"href":"https:\/\/friburgonoticias.com.br\/temp\/wp-json\/wp\/v2\/users\/3"}],"replies":[{"embeddable":true,"href":"https:\/\/friburgonoticias.com.br\/temp\/wp-json\/wp\/v2\/comments?post=7146"}],"version-history":[{"count":0,"href":"https:\/\/friburgonoticias.com.br\/temp\/wp-json\/wp\/v2\/posts\/7146\/revisions"}],"wp:featuredmedia":[{"embeddable":true,"href":"https:\/\/friburgonoticias.com.br\/temp\/wp-json\/wp\/v2\/media\/7147"}],"wp:attachment":[{"href":"https:\/\/friburgonoticias.com.br\/temp\/wp-json\/wp\/v2\/media?parent=7146"}],"wp:term":[{"taxonomy":"category","embeddable":true,"href":"https:\/\/friburgonoticias.com.br\/temp\/wp-json\/wp\/v2\/categories?post=7146"},{"taxonomy":"post_tag","embeddable":true,"href":"https:\/\/friburgonoticias.com.br\/temp\/wp-json\/wp\/v2\/tags?post=7146"}],"curies":[{"name":"wp","href":"https:\/\/api.w.org\/{rel}","templated":true}]}}