{"id":7154,"date":"2026-02-04T16:51:53","date_gmt":"2026-02-04T16:51:53","guid":{"rendered":"https:\/\/friburgonoticias.com.br\/temp\/2026\/02\/04\/projeto-preve-coleta-da-biometria-de-recem-nascidos-e-maes-em-salas-de-parto-noticias\/"},"modified":"2026-02-04T16:51:53","modified_gmt":"2026-02-04T16:51:53","slug":"projeto-preve-coleta-da-biometria-de-recem-nascidos-e-maes-em-salas-de-parto-noticias","status":"publish","type":"post","link":"https:\/\/friburgonoticias.com.br\/temp\/2026\/02\/04\/projeto-preve-coleta-da-biometria-de-recem-nascidos-e-maes-em-salas-de-parto-noticias\/","title":{"rendered":"Projeto prev\u00ea coleta da biometria de rec\u00e9m-nascidos e m\u00e3es em salas de parto &#8211; Not\u00edcias"},"content":{"rendered":"<p><\/p>\n<div>\n<p class=\"g-artigo__data-hora\">\n                      04\/02\/2026 &#8211; 13:39 \u00a0\n                    <\/p>\n<div id=\"image-container-1242471\" class=\"image-container\" style=\"float: none; margin: 45px 0px; width: 100%;\" data-midia=\"1242471\">\n        <em>Kayo Magalh\u00e3es \/ C\u00e2mara dos Deputados<\/em><\/p>\n<p>        Adail Filho: medida ajudar\u00e1 a prevenir crimes como tr\u00e1fico de crian\u00e7as e ado\u00e7\u00f5es ilegais\n        <\/p><\/div>\n<p>        O Projeto de Lei 1626\/25 institui o Plano Nacional da Identifica\u00e7\u00e3o Biom\u00e9trica Neonatal, tornando obrigat\u00f3ria a coleta de dados biom\u00e9tricos de rec\u00e9m-nascidos e de suas m\u00e3es nas maternidades p\u00fablicas e privadas do pa\u00eds.<br \/>\n        Conforme o texto em an\u00e1lise na C\u00e2mara dos Deputados, os hospitais registrar\u00e3o as impress\u00f5es digitais das m\u00e3os e p\u00e9s do beb\u00ea e tamb\u00e9m dos dedos indicadores e polegares da m\u00e3e, diretamente na Declara\u00e7\u00e3o de Nascido Vivo (DNV).<br \/>\n        Segundo o deputado Adail Filho (Republicanos-AM), autor da proposta, a ideia \u00e9 alinhar o Brasil a pr\u00e1ticas internacionais de identifica\u00e7\u00e3o, al\u00e9m de modernizar a gest\u00e3o de dados p\u00fablicos e o acesso a servi\u00e7os desde o nascimento.<br \/>\n        \u201cA cria\u00e7\u00e3o de um banco de dados biom\u00e9trico contribuir\u00e1 para a preven\u00e7\u00e3o de crimes como tr\u00e1fico de crian\u00e7as e ado\u00e7\u00f5es ilegais, al\u00e9m de permitir a formula\u00e7\u00e3o de pol\u00edticas p\u00fablicas mais eficazes e baseadas em dados reais\u201d, afirmou ele.<br \/>\n        <strong>Principais pontos<\/strong><br \/>A proposta altera a <a class=\"linkLegislacao\" href=\"https:\/\/www2.camara.gov.br\/legin\/fed\/lei\/2012\/lei-12662-5-junho-2012-613163-norma-pl.html\">Lei 12.662\/12<\/a>, que assegura validade nacional \u00e0 DNV, para incluir a obrigatoriedade da identifica\u00e7\u00e3o biom\u00e9trica. O objetivo \u00e9 criar um banco de dados nacional integrado aos sistemas de seguran\u00e7a p\u00fablica e de justi\u00e7a.<br \/>\n        O protocolo de requerimento da Carteira de Identidade Nacional (RG Nacional) dever\u00e1 ser emitido na maternidade. Em partos fora do ambiente hospitalar, o m\u00e9dico respons\u00e1vel pelo primeiro atendimento dever\u00e1 realizar o procedimento.<br \/>\n        O projeto em an\u00e1lise na C\u00e2mara estabelece ainda a recoleta da biometria no momento da alta hospitalar, visando garantir a cadeia de cust\u00f3dia e a rastreabilidade dos neonatos.<br \/>\n        <strong>Pr\u00f3ximos passos<\/strong><br \/>O projeto tramita em <span id=\"4322\" class=\"termoGlossario\" title=\"Rito de tramita\u00e7\u00e3o pelo qual o projeto \u00e9 votado apenas pelas comiss\u00f5es designadas para analis\u00e1-lo, dispensada a delibera\u00e7\u00e3o do Plen\u00e1rio. O projeto perde o car\u00e1ter conclusivo se houver decis\u00e3o divergente entre as comiss\u00f5es ou se, independentemente de ser aprovado ou rejeitado, houver recurso assinado por 52 deputados para a aprecia\u00e7\u00e3o da mat\u00e9ria no Plen\u00e1rio.\" contenteditable=\"false\" data-toggle=\"tooltip\" data-placement=\"top\">car\u00e1ter conclusivo<\/span> e ser\u00e1 analisado pelas comiss\u00f5es de Seguran\u00e7a P\u00fablica e Combate ao Crime Organizado; de Sa\u00fade; de Previd\u00eancia, Assist\u00eancia Social, Inf\u00e2ncia, Adolesc\u00eancia e Fam\u00edlia; de Finan\u00e7as e Tributa\u00e7\u00e3o; e de Constitui\u00e7\u00e3o e Justi\u00e7a e de Cidadania.<br \/>\n        Para virar lei, o texto ter\u00e1 de ser aprovado pela C\u00e2mara e pelo Senado.<\/p>\n<p style=\"font-size: 0.8rem; font-weight: 700;\">Da Reportagem\/RM<br \/>Edi\u00e7\u00e3o \u2013 Marcia Becker<\/p>\n<\/p><\/div>\n<p><\/a><\/p>\n<p>Fonte: www.camara.leg.br<\/p>\n","protected":false},"excerpt":{"rendered":"<p>04\/02\/2026 &#8211; 13:39 \u00a0 Kayo Magalh\u00e3es \/ C\u00e2mara dos Deputados Adail Filho: medida ajudar\u00e1 a prevenir crimes como tr\u00e1fico de crian\u00e7as e ado\u00e7\u00f5es ilegais O Projeto de Lei 1626\/25 institui o Plano Nacional da Identifica\u00e7\u00e3o Biom\u00e9trica Neonatal, tornando obrigat\u00f3ria a coleta de dados biom\u00e9tricos de rec\u00e9m-nascidos e de suas m\u00e3es nas maternidades p\u00fablicas e privadas [&hellip;]<\/p>\n","protected":false},"author":3,"featured_media":7155,"comment_status":"open","ping_status":"open","sticky":false,"template":"","format":"standard","meta":{"advanced_seo_description":"","jetpack_seo_html_title":"","jetpack_seo_noindex":false,"fifu_image_url":"https:\/\/www.camara.leg.br\/midias\/image\/2026\/02\/img20250930165721467-768x473.jpg","fifu_image_alt":"","_jetpack_memberships_contains_paid_content":false,"footnotes":"","jetpack_publicize_message":"","jetpack_publicize_feature_enabled":true,"jetpack_social_post_already_shared":true,"jetpack_social_options":{"image_generator_settings":{"template":"highway","default_image_id":0,"font":"","enabled":false},"version":2}},"categories":[106,1],"tags":[],"class_list":{"0":"post-7154","1":"post","2":"type-post","3":"status-publish","4":"format-standard","5":"has-post-thumbnail","7":"category-politica","8":"category-uncategorized"},"jetpack_publicize_connections":[],"jetpack_featured_media_url":"https:\/\/i0.wp.com\/www.camara.leg.br\/midias\/image\/2026\/02\/img20250930165721467-768x473.jpg?fit=%2C&ssl=1","jetpack_sharing_enabled":true,"jetpack-related-posts":[],"_links":{"self":[{"href":"https:\/\/friburgonoticias.com.br\/temp\/wp-json\/wp\/v2\/posts\/7154","targetHints":{"allow":["GET"]}}],"collection":[{"href":"https:\/\/friburgonoticias.com.br\/temp\/wp-json\/wp\/v2\/posts"}],"about":[{"href":"https:\/\/friburgonoticias.com.br\/temp\/wp-json\/wp\/v2\/types\/post"}],"author":[{"embeddable":true,"href":"https:\/\/friburgonoticias.com.br\/temp\/wp-json\/wp\/v2\/users\/3"}],"replies":[{"embeddable":true,"href":"https:\/\/friburgonoticias.com.br\/temp\/wp-json\/wp\/v2\/comments?post=7154"}],"version-history":[{"count":0,"href":"https:\/\/friburgonoticias.com.br\/temp\/wp-json\/wp\/v2\/posts\/7154\/revisions"}],"wp:featuredmedia":[{"embeddable":true,"href":"https:\/\/friburgonoticias.com.br\/temp\/wp-json\/wp\/v2\/media\/7155"}],"wp:attachment":[{"href":"https:\/\/friburgonoticias.com.br\/temp\/wp-json\/wp\/v2\/media?parent=7154"}],"wp:term":[{"taxonomy":"category","embeddable":true,"href":"https:\/\/friburgonoticias.com.br\/temp\/wp-json\/wp\/v2\/categories?post=7154"},{"taxonomy":"post_tag","embeddable":true,"href":"https:\/\/friburgonoticias.com.br\/temp\/wp-json\/wp\/v2\/tags?post=7154"}],"curies":[{"name":"wp","href":"https:\/\/api.w.org\/{rel}","templated":true}]}}