{"id":7156,"date":"2026-02-04T17:22:50","date_gmt":"2026-02-04T17:22:50","guid":{"rendered":"https:\/\/friburgonoticias.com.br\/temp\/2026\/02\/04\/daniela-reinehr-e-eleita-presidente-da-comissao-de-turismo-e-anuncia-plano-de-competitividade-noticias\/"},"modified":"2026-02-04T17:22:50","modified_gmt":"2026-02-04T17:22:50","slug":"daniela-reinehr-e-eleita-presidente-da-comissao-de-turismo-e-anuncia-plano-de-competitividade-noticias","status":"publish","type":"post","link":"https:\/\/friburgonoticias.com.br\/temp\/2026\/02\/04\/daniela-reinehr-e-eleita-presidente-da-comissao-de-turismo-e-anuncia-plano-de-competitividade-noticias\/","title":{"rendered":"Daniela Reinehr \u00e9 eleita presidente da Comiss\u00e3o de Turismo e anuncia plano de competitividade &#8211; Not\u00edcias"},"content":{"rendered":"<p><\/p>\n<div>\n<p class=\"g-artigo__data-hora\">\n                      04\/02\/2026 &#8211; 13:52 \u00a0\n                    <\/p>\n<div id=\"image-container-1242502\" class=\"image-container\" style=\"float: none; margin: 45px 0px; width: 100%;\" data-midia=\"1242502\">\n        <em>Vinicius Loures \/ C\u00e2mara dos Deputados<\/em><\/p>\n<p>        Daniela Reinehr: turismo brasileiro precisa ser reconhecido por efici\u00eancia e sustentabilidade\n        <\/p><\/div>\n<p>        A deputada Daniela Reinehr (PL-SC) foi eleita por unanimidade, nesta quarta-feira (4), presidente da Comiss\u00e3o de Turismo da C\u00e2mara dos Deputados.<br \/>\n        Em seu discurso de posse, a parlamentar destacou que sua gest\u00e3o buscar\u00e1 transformar resultados pontuais do setor em pol\u00edticas permanentes e integradas.<br \/>\n        A principal meta anunciada pela nova presidente \u00e9 a cria\u00e7\u00e3o de um plano nacional de competitividade do turismo brasileiro. Segundo a deputada, o objetivo \u00e9 estabelecer metas claras e mensur\u00e1veis para:<\/p>\n<ul>\n<li>aumentar o fluxo de turistas nacionais e internacionais;<\/li>\n<li>ampliar a gera\u00e7\u00e3o de empregos no setor; e<\/li>\n<li>elevar a participa\u00e7\u00e3o do turismo no <span id=\"4128\" class=\"termoGlossario\" title=\"Indicador que mede a produ\u00e7\u00e3o total de bens e servi\u00e7os finais de um pa\u00eds, levando em conta tr\u00eas grupos principais: (1) agropecu\u00e1ria, abrangendo agricultura extrativa vegetal e pecu\u00e1ria; (2) ind\u00fastria, que engloba as \u00e1reas de extra\u00e7\u00e3o mineral, de transforma\u00e7\u00e3o, de servi\u00e7os industriais de utilidade p\u00fablica e de constru\u00e7\u00e3o civil; e (3) servi\u00e7os, que incluem com\u00e9rcio, transporte, comunica\u00e7\u00e3o, servi\u00e7os da administra\u00e7\u00e3o p\u00fablica e outros. A partir de uma compara\u00e7\u00e3o entre a produ\u00e7\u00e3o de um ano e do anterior, encontra-se a varia\u00e7\u00e3o anual do PIB.\" contenteditable=\"false\" data-toggle=\"tooltip\" data-placement=\"top\">PIB<\/span> do Brasil.<\/li>\n<\/ul>\n<p>        Daniela Reinehr enfatizou que o plano n\u00e3o ser\u00e1 apenas um documento formal, mas um planejamento constru\u00eddo em conjunto com prefeitos, lideran\u00e7as do setor e parlamentares.<br \/>\n        &#8220;Queremos que o turismo brasileiro seja reconhecido n\u00e3o apenas pelas suas belas paisagens, mas por organiza\u00e7\u00e3o, por efici\u00eancia e sustentabilidade&#8221;, afirmou.<br \/>\n        <strong>Pilares da gest\u00e3o<br \/><\/strong>A parlamentar definiu que a condu\u00e7\u00e3o dos trabalhos na comiss\u00e3o em 2026 ser\u00e1 baseada em uma agenda estrat\u00e9gica fundamentada em sustentabilidade, inova\u00e7\u00e3o, promo\u00e7\u00e3o nacional e internacional.<br \/>\n        Para Daniela Reinehr, o turismo deve ser tratado como prioridade pelos governos, funcionando como um motor de desenvolvimento.<br \/>\n        &#8220;Se o Brasil quer crescer de uma forma r\u00e1pida, sustent\u00e1vel e com o emprego distribu\u00eddo em todos os estados, o caminho passa obrigatoriamente pelo turismo&#8221;, declarou a deputada.<br \/>\n        <strong>Di\u00e1logo com o setor produtivo<\/strong><br \/>A nova presidente assumiu o compromisso de manter a comiss\u00e3o conectada com o que chamou de &#8220;Brasil real&#8221;, pessoas que fazem o turismo acontecer na ponta.<br \/>\n        \u201cOs guias, os pequenos empreendedores, os donos de pousada, de hot\u00e9is, de restaurantes, as ag\u00eancias de viagem, o pessoal da avia\u00e7\u00e3o, dos eventos, da cultura, do lazer, nossos prefeitos e vereadores\u201d, listou. \u201cVoc\u00eas n\u00e3o s\u00e3o apenas um ap\u00eandice da nossa economia. Voc\u00eas s\u00e3o a economia real acontecendo todos os dias, em todos os cantos do Brasil.\u201d<br \/>\n        <strong>Perfil<\/strong><br \/>Advogada e produtora rural, Daniela Reinehr tem 48 anos e est\u00e1 em seu primeiro mandato na C\u00e2mara, tendo atuado em diversas comiss\u00f5es.<br \/>\n        Antes de se eleger parlamentar, foi vice-governadora de Santa Catarina de 2019 a 2023.<br \/>\n        Ela sucede o deputado Marcelo \u00c1lvaro Ant\u00f4nio (PL-MG) no comando da Comiss\u00e3o de Turismo.<\/p>\n<p style=\"font-size: 0.8rem; font-weight: 700;\">Reportagem \u2013 No\u00e9li Nobre<br \/>Edi\u00e7\u00e3o \u2013 Marcelo Oliveira<\/p>\n<\/p><\/div>\n<p><\/a><\/p>\n<p>Fonte: www.camara.leg.br<\/p>\n","protected":false},"excerpt":{"rendered":"<p>04\/02\/2026 &#8211; 13:52 \u00a0 Vinicius Loures \/ C\u00e2mara dos Deputados Daniela Reinehr: turismo brasileiro precisa ser reconhecido por efici\u00eancia e sustentabilidade A deputada Daniela Reinehr (PL-SC) foi eleita por unanimidade, nesta quarta-feira (4), presidente da Comiss\u00e3o de Turismo da C\u00e2mara dos Deputados. Em seu discurso de posse, a parlamentar destacou que sua gest\u00e3o buscar\u00e1 transformar [&hellip;]<\/p>\n","protected":false},"author":3,"featured_media":7157,"comment_status":"open","ping_status":"open","sticky":false,"template":"","format":"standard","meta":{"advanced_seo_description":"","jetpack_seo_html_title":"","jetpack_seo_noindex":false,"fifu_image_url":"https:\/\/www.camara.leg.br\/midias\/image\/2026\/02\/img20260204112241529-768x473.jpeg","fifu_image_alt":"","_jetpack_memberships_contains_paid_content":false,"footnotes":"","jetpack_publicize_message":"","jetpack_publicize_feature_enabled":true,"jetpack_social_post_already_shared":true,"jetpack_social_options":{"image_generator_settings":{"template":"highway","default_image_id":0,"font":"","enabled":false},"version":2}},"categories":[106,1],"tags":[],"class_list":{"0":"post-7156","1":"post","2":"type-post","3":"status-publish","4":"format-standard","5":"has-post-thumbnail","7":"category-politica","8":"category-uncategorized"},"jetpack_publicize_connections":[],"jetpack_featured_media_url":"https:\/\/i0.wp.com\/www.camara.leg.br\/midias\/image\/2026\/02\/img20260204112241529-768x473.jpeg?fit=%2C&ssl=1","jetpack_sharing_enabled":true,"jetpack-related-posts":[],"_links":{"self":[{"href":"https:\/\/friburgonoticias.com.br\/temp\/wp-json\/wp\/v2\/posts\/7156","targetHints":{"allow":["GET"]}}],"collection":[{"href":"https:\/\/friburgonoticias.com.br\/temp\/wp-json\/wp\/v2\/posts"}],"about":[{"href":"https:\/\/friburgonoticias.com.br\/temp\/wp-json\/wp\/v2\/types\/post"}],"author":[{"embeddable":true,"href":"https:\/\/friburgonoticias.com.br\/temp\/wp-json\/wp\/v2\/users\/3"}],"replies":[{"embeddable":true,"href":"https:\/\/friburgonoticias.com.br\/temp\/wp-json\/wp\/v2\/comments?post=7156"}],"version-history":[{"count":0,"href":"https:\/\/friburgonoticias.com.br\/temp\/wp-json\/wp\/v2\/posts\/7156\/revisions"}],"wp:featuredmedia":[{"embeddable":true,"href":"https:\/\/friburgonoticias.com.br\/temp\/wp-json\/wp\/v2\/media\/7157"}],"wp:attachment":[{"href":"https:\/\/friburgonoticias.com.br\/temp\/wp-json\/wp\/v2\/media?parent=7156"}],"wp:term":[{"taxonomy":"category","embeddable":true,"href":"https:\/\/friburgonoticias.com.br\/temp\/wp-json\/wp\/v2\/categories?post=7156"},{"taxonomy":"post_tag","embeddable":true,"href":"https:\/\/friburgonoticias.com.br\/temp\/wp-json\/wp\/v2\/tags?post=7156"}],"curies":[{"name":"wp","href":"https:\/\/api.w.org\/{rel}","templated":true}]}}