{"id":7158,"date":"2026-02-04T17:50:53","date_gmt":"2026-02-04T17:50:53","guid":{"rendered":"https:\/\/friburgonoticias.com.br\/temp\/2026\/02\/04\/garotinho-acusa-canella-de-ameacas-e-manda-prefeito-de-belford-roxo-ir-cuidar-dos-seus-traficantes\/"},"modified":"2026-02-04T17:50:53","modified_gmt":"2026-02-04T17:50:53","slug":"garotinho-acusa-canella-de-ameacas-e-manda-prefeito-de-belford-roxo-ir-cuidar-dos-seus-traficantes","status":"publish","type":"post","link":"https:\/\/friburgonoticias.com.br\/temp\/2026\/02\/04\/garotinho-acusa-canella-de-ameacas-e-manda-prefeito-de-belford-roxo-ir-cuidar-dos-seus-traficantes\/","title":{"rendered":"Garotinho acusa Canella de amea\u00e7as e manda prefeito de Belford Roxo ir &#8216;cuidar dos seus traficantes&#8217;"},"content":{"rendered":"<p><\/p>\n<div itemprop=\"articleBody\">\n<a href=\"https:\/\/temporealrj.com\/boca-fechada-justica-mantem-decisao-que-proibe-garotinho-de-publicar-acusacoes-contra-prefeito-de-belford-roxo\/\">Mesmo proibido pela Justi\u00e7a de publicar conte\u00fado contra o pol\u00edtico<\/a>, Anthony Garotinho (Republicanos) voltou a usar as redes sociais para falar de acusa\u00e7\u00f5es contra M\u00e1rcio Canella (Uni\u00e3o Brasil), prefeito de Belford Roxo. Em postagem feita nesta quarta (04), o ex-governador disse que Canella fez amea\u00e7as contra ele e contra seu filho, Wladimir Garotinho (PP), prefeito de Campos dos Goytacazes.<\/p>\n<p>Segundo ele, Canella teria dito que \u201cvai fazer de tudo para destruir\u201d o prefeito de Campos. O ex-governador atribui as amea\u00e7as a um v\u00eddeo em que ele acusava Canella de envolvimento com o tr\u00e1fico de drogas. <a href=\"https:\/\/temporealrj.com\/capitao-da-pm-e-afastado-apos-audio-atribuido-a-ele-sugerir-negociacao-com-traficantes-em-belford-roxo\/\">Em uma s\u00e9rie de \u00e1udios divulgados por Garotinho<\/a>, o nome do prefeito \u00e9 citado em uma conversa entre o capit\u00e3o da PM Alessander Ribeiro Estrella Rosa e traficantes.\u00a0<\/p>\n<p>\u201c[Canella], voc\u00ea est\u00e1 preocupado com o qu\u00ea? Comigo? Olha, Canella, vai cuidar dos seus traficantes, vai cuidar dos seus amigos milicianos, dos seus \u2018laranjas\u2019. Se voc\u00ea est\u00e1 acostumado a levar todo mundo no grito. Comigo \u00e9 diferente, t\u00e1? Eu sou Garotinho, mas o buraco \u00e9 mais embaixo\u201d, disse o ex-governador.<\/p>\n<h2 class=\"wp-block-heading\">Ju\u00edza estabeleceu multa de R$ 10 mil para Garotinho em caso de posts sobre Canella<\/h2>\n<p>Na semana passada, a Justi\u00e7a do Rio ampliou a decis\u00e3o que impede <a href=\"https:\/\/temporealrj.com\/garotinho-recebe-video-com-suposta-ameaca-se-acontecer-alguma-coisa-comigo-o-responsavel-chama-se-claudio-castro\/\">Garotinho<\/a> de publicar conte\u00fados com cunho ofensivo ou acusat\u00f3rio contra o prefeito de Belford Roxo. A decis\u00e3o da ju\u00edza Patricia Fernandes de Souza Brasileiro exigia a remo\u00e7\u00e3o de postagens que associam o prefeito a crimes sem provas e estabelece multa di\u00e1ria de R$ 10 mil em caso de descumprimento.\n<\/div>\n<p><\/a><\/p>\n<p>Fonte: temporealrj.com<\/p>\n","protected":false},"excerpt":{"rendered":"<p>Mesmo proibido pela Justi\u00e7a de publicar conte\u00fado contra o pol\u00edtico, Anthony Garotinho (Republicanos) voltou a usar as redes sociais para falar de acusa\u00e7\u00f5es contra M\u00e1rcio Canella (Uni\u00e3o Brasil), prefeito de Belford Roxo. Em postagem feita nesta quarta (04), o ex-governador disse que Canella fez amea\u00e7as contra ele e contra seu filho, Wladimir Garotinho (PP), prefeito [&hellip;]<\/p>\n","protected":false},"author":3,"featured_media":7159,"comment_status":"open","ping_status":"open","sticky":false,"template":"","format":"standard","meta":{"advanced_seo_description":"","jetpack_seo_html_title":"","jetpack_seo_noindex":false,"fifu_image_url":"https:\/\/temporealrj.com\/wp-content\/uploads\/2026\/02\/garotinho-canella.jpg","fifu_image_alt":"","_jetpack_memberships_contains_paid_content":false,"footnotes":"","jetpack_publicize_message":"","jetpack_publicize_feature_enabled":true,"jetpack_social_post_already_shared":true,"jetpack_social_options":{"image_generator_settings":{"template":"highway","default_image_id":0,"font":"","enabled":false},"version":2}},"categories":[107],"tags":[],"class_list":{"0":"post-7158","1":"post","2":"type-post","3":"status-publish","4":"format-standard","5":"has-post-thumbnail","7":"category-economia"},"jetpack_publicize_connections":[],"jetpack_featured_media_url":"https:\/\/i0.wp.com\/temporealrj.com\/wp-content\/uploads\/2026\/02\/garotinho-canella.jpg?fit=%2C&ssl=1","jetpack_sharing_enabled":true,"jetpack-related-posts":[],"_links":{"self":[{"href":"https:\/\/friburgonoticias.com.br\/temp\/wp-json\/wp\/v2\/posts\/7158","targetHints":{"allow":["GET"]}}],"collection":[{"href":"https:\/\/friburgonoticias.com.br\/temp\/wp-json\/wp\/v2\/posts"}],"about":[{"href":"https:\/\/friburgonoticias.com.br\/temp\/wp-json\/wp\/v2\/types\/post"}],"author":[{"embeddable":true,"href":"https:\/\/friburgonoticias.com.br\/temp\/wp-json\/wp\/v2\/users\/3"}],"replies":[{"embeddable":true,"href":"https:\/\/friburgonoticias.com.br\/temp\/wp-json\/wp\/v2\/comments?post=7158"}],"version-history":[{"count":0,"href":"https:\/\/friburgonoticias.com.br\/temp\/wp-json\/wp\/v2\/posts\/7158\/revisions"}],"wp:featuredmedia":[{"embeddable":true,"href":"https:\/\/friburgonoticias.com.br\/temp\/wp-json\/wp\/v2\/media\/7159"}],"wp:attachment":[{"href":"https:\/\/friburgonoticias.com.br\/temp\/wp-json\/wp\/v2\/media?parent=7158"}],"wp:term":[{"taxonomy":"category","embeddable":true,"href":"https:\/\/friburgonoticias.com.br\/temp\/wp-json\/wp\/v2\/categories?post=7158"},{"taxonomy":"post_tag","embeddable":true,"href":"https:\/\/friburgonoticias.com.br\/temp\/wp-json\/wp\/v2\/tags?post=7158"}],"curies":[{"name":"wp","href":"https:\/\/api.w.org\/{rel}","templated":true}]}}