{"id":7200,"date":"2026-02-05T19:30:14","date_gmt":"2026-02-05T19:30:14","guid":{"rendered":"https:\/\/friburgonoticias.com.br\/temp\/2026\/02\/05\/projeto-obriga-preso-a-pagar-por-uso-e-manutencao-de-tornozeleira-eletronica-noticias\/"},"modified":"2026-02-05T19:30:14","modified_gmt":"2026-02-05T19:30:14","slug":"projeto-obriga-preso-a-pagar-por-uso-e-manutencao-de-tornozeleira-eletronica-noticias","status":"publish","type":"post","link":"https:\/\/friburgonoticias.com.br\/temp\/2026\/02\/05\/projeto-obriga-preso-a-pagar-por-uso-e-manutencao-de-tornozeleira-eletronica-noticias\/","title":{"rendered":"Projeto obriga preso a pagar por uso e manuten\u00e7\u00e3o de tornozeleira eletr\u00f4nica &#8211; Not\u00edcias"},"content":{"rendered":"<p><\/p>\n<div>\n<div>\n<p class=\"g-artigo__data-hora\">\n                      05\/02\/2026 &#8211; 12:56 \u00a0\n                    <\/p>\n<div id=\"image-container-1242920\" class=\"image-container\" style=\"float: none; margin: 45px 0px; width: 100%;\" data-midia=\"1242920\">\n        <em>Vinicius Loures\/C\u00e2mara dos Deputados<\/em><\/p>\n<p>        C\u00e9lio Studart: proposta combate crime organizado e diminui gastos p\u00fablicos\n        <\/p><\/div>\n<p>        O Projeto de Lei 766\/25 obriga presos tempor\u00e1rios ou condenados a pagarem pelos gastos com uso e manuten\u00e7\u00e3o de equipamento de monitora\u00e7\u00e3o eletr\u00f4nica.<br \/>\n        O texto, em an\u00e1lise na C\u00e2mara dos Deputados, altera a <a href=\"https:\/\/www2.camara.leg.br\/legin\/fed\/lei\/1980-1987\/lei-7210-11-julho-1984-356938-norma-pl.html\">Lei de Execu\u00e7\u00e3o Penal<\/a>.<br \/>\n        Pela proposta, o monitorado ser\u00e1 respons\u00e1vel pela conserva\u00e7\u00e3o do equipamento e dever\u00e1 ressarcir o preju\u00edzo em caso de dano ou avaria, ap\u00f3s avalia\u00e7\u00e3o t\u00e9cnica.<br \/>\n        A cobran\u00e7a n\u00e3o ser\u00e1 aplicada aos benefici\u00e1rios da gratuidade de justi\u00e7a. J\u00e1 a recusa injustificada ao pagamento resultar\u00e1 na inscri\u00e7\u00e3o do d\u00e9bito em d\u00edvida ativa.<br \/>\n        Ainda segundo o texto, os recursos arrecadados com a medida ser\u00e3o destinados ao Fundo Penitenci\u00e1rio Nacional (Funpen), para custeio e investimentos.<br \/>\n        Os estados e o Distrito Federal tamb\u00e9m poder\u00e3o instituir cobran\u00e7as semelhantes.<br \/>\n        <strong>Justificativa e impacto<\/strong><br \/>Autor do projeto, o deputado C\u00e9lio Studart (PSD-CE) afirma que a medida visa combater o crime organizado e gerar receitas para o custeio dos equipamentos.<br \/>\n        Ainda conforme o parlamentar, a monitora\u00e7\u00e3o eletr\u00f4nica cont\u00ednua facilita a identifica\u00e7\u00e3o de descumprimentos de medidas judiciais e fomenta o car\u00e1ter preventivo quanto \u00e0 reincid\u00eancia em outros crimes.<br \/>\n        \u201cA utiliza\u00e7\u00e3o de monitora\u00e7\u00e3o eletr\u00f4nica e a respectiva cobran\u00e7a pelo seu uso s\u00e3o medidas que podem contribuir, significativamente, para alcan\u00e7ar esses objetivos\u201d, defendeu C\u00e9lio Studart.<br \/>\n        <strong>Pr\u00f3ximos passos<\/strong><br \/>A proposta tramita em <span id=\"4322\" class=\"termoGlossario\" title=\"Rito de tramita\u00e7\u00e3o pelo qual o projeto \u00e9 votado apenas pelas comiss\u00f5es designadas para analis\u00e1-lo, dispensada a delibera\u00e7\u00e3o do Plen\u00e1rio. O projeto perde o car\u00e1ter conclusivo se houver decis\u00e3o divergente entre as comiss\u00f5es ou se, independentemente de ser aprovado ou rejeitado, houver recurso assinado por 52 deputados para a aprecia\u00e7\u00e3o da mat\u00e9ria no Plen\u00e1rio.\" contenteditable=\"false\" data-toggle=\"tooltip\" data-placement=\"top\">car\u00e1ter conclusivo<\/span> e ser\u00e1 analisada pelas comiss\u00f5es de Seguran\u00e7a P\u00fablica e Combate ao Crime Organizado; de Finan\u00e7as e Tributa\u00e7\u00e3o; e de Constitui\u00e7\u00e3o e Justi\u00e7a e de Cidadania.<br \/>\n        Para virar lei, o texto ter\u00e1 de ser aprovado pela C\u00e2mara e pelo Senado.<\/p>\n<p style=\"font-size: 0.8rem; font-weight: 700;\">Da Reportagem\/RM<br \/>Edi\u00e7\u00e3o \u2013 Marcelo Oliveira<\/p>\n<\/p><\/div>\n<\/p><\/div>\n<p><\/a><\/p>\n<p>Fonte: www.camara.leg.br<\/p>\n","protected":false},"excerpt":{"rendered":"<p>05\/02\/2026 &#8211; 12:56 \u00a0 Vinicius Loures\/C\u00e2mara dos Deputados C\u00e9lio Studart: proposta combate crime organizado e diminui gastos p\u00fablicos O Projeto de Lei 766\/25 obriga presos tempor\u00e1rios ou condenados a pagarem pelos gastos com uso e manuten\u00e7\u00e3o de equipamento de monitora\u00e7\u00e3o eletr\u00f4nica. O texto, em an\u00e1lise na C\u00e2mara dos Deputados, altera a Lei de Execu\u00e7\u00e3o Penal. [&hellip;]<\/p>\n","protected":false},"author":3,"featured_media":7201,"comment_status":"open","ping_status":"open","sticky":false,"template":"","format":"standard","meta":{"advanced_seo_description":"","jetpack_seo_html_title":"","jetpack_seo_noindex":false,"fifu_image_url":"https:\/\/www.camara.leg.br\/midias\/image\/2026\/02\/img20240507181237044-768x473.jpg","fifu_image_alt":"","_jetpack_memberships_contains_paid_content":false,"footnotes":"","jetpack_publicize_message":"","jetpack_publicize_feature_enabled":true,"jetpack_social_post_already_shared":true,"jetpack_social_options":{"image_generator_settings":{"template":"highway","default_image_id":0,"font":"","enabled":false},"version":2}},"categories":[106,1],"tags":[],"class_list":{"0":"post-7200","1":"post","2":"type-post","3":"status-publish","4":"format-standard","5":"has-post-thumbnail","7":"category-politica","8":"category-uncategorized"},"jetpack_publicize_connections":[],"jetpack_featured_media_url":"https:\/\/i0.wp.com\/www.camara.leg.br\/midias\/image\/2026\/02\/img20240507181237044-768x473.jpg?fit=%2C&ssl=1","jetpack_sharing_enabled":true,"jetpack-related-posts":[],"_links":{"self":[{"href":"https:\/\/friburgonoticias.com.br\/temp\/wp-json\/wp\/v2\/posts\/7200","targetHints":{"allow":["GET"]}}],"collection":[{"href":"https:\/\/friburgonoticias.com.br\/temp\/wp-json\/wp\/v2\/posts"}],"about":[{"href":"https:\/\/friburgonoticias.com.br\/temp\/wp-json\/wp\/v2\/types\/post"}],"author":[{"embeddable":true,"href":"https:\/\/friburgonoticias.com.br\/temp\/wp-json\/wp\/v2\/users\/3"}],"replies":[{"embeddable":true,"href":"https:\/\/friburgonoticias.com.br\/temp\/wp-json\/wp\/v2\/comments?post=7200"}],"version-history":[{"count":0,"href":"https:\/\/friburgonoticias.com.br\/temp\/wp-json\/wp\/v2\/posts\/7200\/revisions"}],"wp:featuredmedia":[{"embeddable":true,"href":"https:\/\/friburgonoticias.com.br\/temp\/wp-json\/wp\/v2\/media\/7201"}],"wp:attachment":[{"href":"https:\/\/friburgonoticias.com.br\/temp\/wp-json\/wp\/v2\/media?parent=7200"}],"wp:term":[{"taxonomy":"category","embeddable":true,"href":"https:\/\/friburgonoticias.com.br\/temp\/wp-json\/wp\/v2\/categories?post=7200"},{"taxonomy":"post_tag","embeddable":true,"href":"https:\/\/friburgonoticias.com.br\/temp\/wp-json\/wp\/v2\/tags?post=7200"}],"curies":[{"name":"wp","href":"https:\/\/api.w.org\/{rel}","templated":true}]}}