{"id":7218,"date":"2026-02-06T16:38:13","date_gmt":"2026-02-06T16:38:13","guid":{"rendered":"https:\/\/friburgonoticias.com.br\/temp\/2026\/02\/06\/wladimir-garotinho-acende-cachimbo-da-paz-com-canella-e-diz-que-nao-vai-se-meter-na-briga-do-pai-nao-tenho-nada-a-ver\/"},"modified":"2026-02-06T16:38:13","modified_gmt":"2026-02-06T16:38:13","slug":"wladimir-garotinho-acende-cachimbo-da-paz-com-canella-e-diz-que-nao-vai-se-meter-na-briga-do-pai-nao-tenho-nada-a-ver","status":"publish","type":"post","link":"https:\/\/friburgonoticias.com.br\/temp\/2026\/02\/06\/wladimir-garotinho-acende-cachimbo-da-paz-com-canella-e-diz-que-nao-vai-se-meter-na-briga-do-pai-nao-tenho-nada-a-ver\/","title":{"rendered":"Wladimir Garotinho acende cachimbo da paz com Canella e diz que n\u00e3o vai se meter na briga do pai: &#8216;N\u00e3o tenho nada a ver&#8217;"},"content":{"rendered":"<p><\/p>\n<div itemprop=\"articleBody\">\nComo diz o ditado, briga herdada n\u00e3o d\u00e1 heran\u00e7a. O prefeito de Campos, Wladimir Garotinho (PP), acendeu o cachimbo da paz com o<a href=\"https:\/\/temporealrj.com\/marcio-canella-ironiza-acusacoes-ex-governador-garotinho-rivotril\/\"> prefeito de Belford Roxo, M\u00e1rcio Canella (Uni\u00e3o Brasil)<\/a>, e afirmou que n\u00e3o ir\u00e1 se meter na <a href=\"https:\/\/temporealrj.com\/boca-fechada-justica-mantem-decisao-que-proibe-garotinho-de-publicar-acusacoes-contra-prefeito-de-belford-roxo\/\">briga entre o cacique da Baixada Fluminense e seu pai, o ex-governador Anthony Garotinho (PP)<\/a>.<\/p>\n<p>A declara\u00e7\u00e3o veio ap\u00f3s<a href=\"https:\/\/temporealrj.com\/garotinho-acusa-canella-ameacas-prefeito-cuidar-traficantes\/\"> Garotinho acusar Canella de ter amea\u00e7ado Wladimir por telefone, dizendo que iria \u201cdestru\u00ed-lo\u201d<\/a>. No entanto, o prefeito de Campos veio a p\u00fablico nesta sexta-feira (6), pelas redes sociais, para afirmar que sempre manteve uma boa rela\u00e7\u00e3o com o prefeito de Belford Roxo e que o epis\u00f3dio n\u00e3o passou de um mal-entendido \u201cno calor das emo\u00e7\u00f5es\u201d.<\/p>\n<h2 class=\"wp-block-heading\">\u2018Eu sempre me dei muito bem com o Canella\u2019<\/h2>\n<p>\u201cEu n\u00e3o tenho nada a ver com essa briga dos dois. Eu sempre me dei muito bem com o Canella. A gente se falou na semana passada e, no calor das emo\u00e7\u00f5es, eu posso ter interpretado alguma fala dele errado, e ele pode ter interpretado alguma fala minha errado. Mas repito: eu sempre me dei muito bem pessoalmente com o Canella\u201d, afirmou Wladimir.<\/p>\n<p>E completou: \u201cEspero que a gente consiga olhar para a frente e esquecer esse problema pontual porque, repito, sempre tive uma rela\u00e7\u00e3o pessoal muito boa com o Canella\u201d.\n<\/p><\/div>\n<p><\/a><\/p>\n<p>Fonte: temporealrj.com<\/p>\n","protected":false},"excerpt":{"rendered":"<p>Como diz o ditado, briga herdada n\u00e3o d\u00e1 heran\u00e7a. O prefeito de Campos, Wladimir Garotinho (PP), acendeu o cachimbo da paz com o prefeito de Belford Roxo, M\u00e1rcio Canella (Uni\u00e3o Brasil), e afirmou que n\u00e3o ir\u00e1 se meter na briga entre o cacique da Baixada Fluminense e seu pai, o ex-governador Anthony Garotinho (PP). A [&hellip;]<\/p>\n","protected":false},"author":3,"featured_media":7219,"comment_status":"open","ping_status":"open","sticky":false,"template":"","format":"standard","meta":{"advanced_seo_description":"","jetpack_seo_html_title":"","jetpack_seo_noindex":false,"fifu_image_url":"https:\/\/temporealrj.com\/wp-content\/uploads\/2026\/02\/Miniatura-do-YouTube-Antes-e-Depois-Edicao-de-Foto-Branco-e-Roxo-e1770395008337.png","fifu_image_alt":"","_jetpack_memberships_contains_paid_content":false,"footnotes":"","jetpack_publicize_message":"","jetpack_publicize_feature_enabled":true,"jetpack_social_post_already_shared":true,"jetpack_social_options":{"image_generator_settings":{"template":"highway","default_image_id":0,"font":"","enabled":false},"version":2}},"categories":[106,1],"tags":[],"class_list":{"0":"post-7218","1":"post","2":"type-post","3":"status-publish","4":"format-standard","5":"has-post-thumbnail","7":"category-politica","8":"category-uncategorized"},"jetpack_publicize_connections":[],"jetpack_featured_media_url":"https:\/\/i0.wp.com\/temporealrj.com\/wp-content\/uploads\/2026\/02\/Miniatura-do-YouTube-Antes-e-Depois-Edicao-de-Foto-Branco-e-Roxo-e1770395008337.png?fit=%2C&ssl=1","jetpack_sharing_enabled":true,"jetpack-related-posts":[],"_links":{"self":[{"href":"https:\/\/friburgonoticias.com.br\/temp\/wp-json\/wp\/v2\/posts\/7218","targetHints":{"allow":["GET"]}}],"collection":[{"href":"https:\/\/friburgonoticias.com.br\/temp\/wp-json\/wp\/v2\/posts"}],"about":[{"href":"https:\/\/friburgonoticias.com.br\/temp\/wp-json\/wp\/v2\/types\/post"}],"author":[{"embeddable":true,"href":"https:\/\/friburgonoticias.com.br\/temp\/wp-json\/wp\/v2\/users\/3"}],"replies":[{"embeddable":true,"href":"https:\/\/friburgonoticias.com.br\/temp\/wp-json\/wp\/v2\/comments?post=7218"}],"version-history":[{"count":0,"href":"https:\/\/friburgonoticias.com.br\/temp\/wp-json\/wp\/v2\/posts\/7218\/revisions"}],"wp:featuredmedia":[{"embeddable":true,"href":"https:\/\/friburgonoticias.com.br\/temp\/wp-json\/wp\/v2\/media\/7219"}],"wp:attachment":[{"href":"https:\/\/friburgonoticias.com.br\/temp\/wp-json\/wp\/v2\/media?parent=7218"}],"wp:term":[{"taxonomy":"category","embeddable":true,"href":"https:\/\/friburgonoticias.com.br\/temp\/wp-json\/wp\/v2\/categories?post=7218"},{"taxonomy":"post_tag","embeddable":true,"href":"https:\/\/friburgonoticias.com.br\/temp\/wp-json\/wp\/v2\/tags?post=7218"}],"curies":[{"name":"wp","href":"https:\/\/api.w.org\/{rel}","templated":true}]}}