{"id":7240,"date":"2026-02-08T16:52:36","date_gmt":"2026-02-08T16:52:36","guid":{"rendered":"https:\/\/friburgonoticias.com.br\/temp\/2026\/02\/08\/de-olho-no-senado-canella-avisa-equipe-que-deixara-prefeitura-de-belford-roxo-em-30-de-marco\/"},"modified":"2026-02-08T16:52:36","modified_gmt":"2026-02-08T16:52:36","slug":"de-olho-no-senado-canella-avisa-equipe-que-deixara-prefeitura-de-belford-roxo-em-30-de-marco","status":"publish","type":"post","link":"https:\/\/friburgonoticias.com.br\/temp\/2026\/02\/08\/de-olho-no-senado-canella-avisa-equipe-que-deixara-prefeitura-de-belford-roxo-em-30-de-marco\/","title":{"rendered":"De olho no Senado, Canella avisa equipe que deixar\u00e1 Prefeitura de Belford Roxo em 30 de mar\u00e7o"},"content":{"rendered":"<p><\/p>\n<div itemprop=\"articleBody\">\nM\u00e1rcio Canella (Uni\u00e3o) j\u00e1 avisou \u00e0 sua equipe que deixar\u00e1 a Prefeitura de Belford Roxo no dia 30 de mar\u00e7o para concorrer a uma vaga no Senado. O movimento ocorre enquanto o tabuleiro governista do Rio passa por ajustes depois de Fl\u00e1vio Bolsonaro (PL) trocar sua reelei\u00e7\u00e3o pela tentativa de ser presidente da Rep\u00fablica.<\/p>\n<p>O nome do prefeito circula dentro de um entendimento que re\u00fane PL, Uni\u00e3o Brasil \u2014 legenda de Canella \u2014 e PP, partidos que orbitam o Pal\u00e1cio Guanabara. Entre os dirigentes dessas siglas, a avalia\u00e7\u00e3o \u00e9 de que tudo j\u00e1 est\u00e1 encaminhado.<\/p>\n<h2 class=\"wp-block-heading\">Canella deixar\u00e1 a prefeitura em seu primeiro mandato<\/h2>\n<p>No primeiro mandato \u00e0 frente do munic\u00edpio de Belford Roxo, <a href=\"https:\/\/temporealrj.com\/garotinho-aproximacao-wladimir-canella\/\">M\u00e1rcio Canella faz uma aposta incomum<\/a>. Prefeitos costumam testar voos mais altos quando j\u00e1 n\u00e3o t\u00eam mais como se reeleger. No caso dele, a leitura \u00e9 outra: a visibilidade obtida com a gest\u00e3o da cidade e as a\u00e7\u00f5es de impacto na \u00e1rea de seguran\u00e7a podem acabar encurtando o caminho.<\/p>\n<p>Por\u00e9m, sua sa\u00edda foi organizada para n\u00e3o deixar v\u00e1cuos. A vice, Mariana Malta, considerada por ele como plenamente alinhada, assumiria com a miss\u00e3o de preservar o ritmo da gest\u00e3o.\n<\/p><\/div>\n<p><\/a><\/p>\n<p>Fonte: temporealrj.com<\/p>\n","protected":false},"excerpt":{"rendered":"<p>M\u00e1rcio Canella (Uni\u00e3o) j\u00e1 avisou \u00e0 sua equipe que deixar\u00e1 a Prefeitura de Belford Roxo no dia 30 de mar\u00e7o para concorrer a uma vaga no Senado. O movimento ocorre enquanto o tabuleiro governista do Rio passa por ajustes depois de Fl\u00e1vio Bolsonaro (PL) trocar sua reelei\u00e7\u00e3o pela tentativa de ser presidente da Rep\u00fablica. O [&hellip;]<\/p>\n","protected":false},"author":3,"featured_media":7241,"comment_status":"open","ping_status":"open","sticky":false,"template":"","format":"standard","meta":{"advanced_seo_description":"","jetpack_seo_html_title":"","jetpack_seo_noindex":false,"fifu_image_url":"https:\/\/temporealrj.com\/wp-content\/uploads\/2026\/02\/WhatsApp-Image-2026-02-08-at-11.40.59-e1770563569524.jpeg","fifu_image_alt":"","_jetpack_memberships_contains_paid_content":false,"footnotes":"","jetpack_publicize_message":"","jetpack_publicize_feature_enabled":true,"jetpack_social_post_already_shared":true,"jetpack_social_options":{"image_generator_settings":{"template":"highway","default_image_id":0,"font":"","enabled":false},"version":2}},"categories":[107],"tags":[],"class_list":{"0":"post-7240","1":"post","2":"type-post","3":"status-publish","4":"format-standard","5":"has-post-thumbnail","7":"category-economia"},"jetpack_publicize_connections":[],"jetpack_featured_media_url":"https:\/\/i0.wp.com\/temporealrj.com\/wp-content\/uploads\/2026\/02\/WhatsApp-Image-2026-02-08-at-11.40.59-e1770563569524.jpeg?fit=%2C&ssl=1","jetpack_sharing_enabled":true,"jetpack-related-posts":[],"_links":{"self":[{"href":"https:\/\/friburgonoticias.com.br\/temp\/wp-json\/wp\/v2\/posts\/7240","targetHints":{"allow":["GET"]}}],"collection":[{"href":"https:\/\/friburgonoticias.com.br\/temp\/wp-json\/wp\/v2\/posts"}],"about":[{"href":"https:\/\/friburgonoticias.com.br\/temp\/wp-json\/wp\/v2\/types\/post"}],"author":[{"embeddable":true,"href":"https:\/\/friburgonoticias.com.br\/temp\/wp-json\/wp\/v2\/users\/3"}],"replies":[{"embeddable":true,"href":"https:\/\/friburgonoticias.com.br\/temp\/wp-json\/wp\/v2\/comments?post=7240"}],"version-history":[{"count":0,"href":"https:\/\/friburgonoticias.com.br\/temp\/wp-json\/wp\/v2\/posts\/7240\/revisions"}],"wp:featuredmedia":[{"embeddable":true,"href":"https:\/\/friburgonoticias.com.br\/temp\/wp-json\/wp\/v2\/media\/7241"}],"wp:attachment":[{"href":"https:\/\/friburgonoticias.com.br\/temp\/wp-json\/wp\/v2\/media?parent=7240"}],"wp:term":[{"taxonomy":"category","embeddable":true,"href":"https:\/\/friburgonoticias.com.br\/temp\/wp-json\/wp\/v2\/categories?post=7240"},{"taxonomy":"post_tag","embeddable":true,"href":"https:\/\/friburgonoticias.com.br\/temp\/wp-json\/wp\/v2\/tags?post=7240"}],"curies":[{"name":"wp","href":"https:\/\/api.w.org\/{rel}","templated":true}]}}