{"id":7242,"date":"2026-02-08T18:17:43","date_gmt":"2026-02-08T18:17:43","guid":{"rendered":"https:\/\/friburgonoticias.com.br\/temp\/2026\/02\/08\/depois-de-receber-indireta-do-pai-wladimir-garotinho-responde-com-video-segurando-cacho-de-bananas\/"},"modified":"2026-02-08T18:17:43","modified_gmt":"2026-02-08T18:17:43","slug":"depois-de-receber-indireta-do-pai-wladimir-garotinho-responde-com-video-segurando-cacho-de-bananas","status":"publish","type":"post","link":"https:\/\/friburgonoticias.com.br\/temp\/2026\/02\/08\/depois-de-receber-indireta-do-pai-wladimir-garotinho-responde-com-video-segurando-cacho-de-bananas\/","title":{"rendered":"Depois de receber &#8216;indireta&#8217; do pai, Wladimir Garotinho responde com v\u00eddeo segurando cacho de bananas"},"content":{"rendered":"<p><\/p>\n<div itemprop=\"articleBody\">\nUm dia depois de Anthony Garotinho (REP) criticar o filho Wladimir (PP) nas redes sociais, por ele n\u00e3o querer se envolver na sua briga com M\u00e1rcio Canella (Uni\u00e3o), o prefeito de Campos publicou um v\u00eddeo com uma resposta indireta \u2014  mas facilmente reconhec\u00edvel e muito divertida \u2014 ao epis\u00f3dio. Garotinho insinuou que o rapaz \u00e9 um \u201cbanana\u201d.<\/p>\n<p>Na grava\u00e7\u00e3o, Wladimir aparece em casa segurando um cacho de bananas e faz um coment\u00e1rio reflexivo ao falar sobre ir \u00e0 igreja. Ele disse que pretende orar em agradecimento pelas b\u00ean\u00e7\u00e3os e desafios, al\u00e9m de pedir por \u201caqueles que a gente gosta, mas que \u00e0s vezes n\u00e3o compreendem o nosso esfor\u00e7o e sacrif\u00edcio para ajud\u00e1-los\u201d.<\/p>\n<h2 class=\"wp-block-heading\"><strong>Ironia com \u2018banana\u2019 e \u2018canella\u2019 veio ap\u00f3s Wladimir dizer que n\u00e3o entraria na briga entre o pai e o prefeito de Belford Roxo<\/strong><\/h2>\n<p>O v\u00eddeo foi publicado depois de Garotinho <a href=\"https:\/\/temporealrj.com\/garotinho-aproximacao-wladimir-canella\/\">divulgar uma grava\u00e7\u00e3o em que aparece tomando caf\u00e9 da tarde com \u201cbanana\u201d e \u201ccanella\u201d<\/a>, em refer\u00eancia a rela\u00e7\u00e3o do filho com o prefeito de Belford Roxo. A postagem do ex-governador veio na esteira da declara\u00e7\u00e3o de Wladimir de que teria uma boa rela\u00e7\u00e3o pessoal com o prefeito da Baixada, e, por isso, n\u00e3o compraria as brigas do pai.\n<\/div>\n<p><\/a><\/p>\n<p>Fonte: temporealrj.com<\/p>\n","protected":false},"excerpt":{"rendered":"<p>Um dia depois de Anthony Garotinho (REP) criticar o filho Wladimir (PP) nas redes sociais, por ele n\u00e3o querer se envolver na sua briga com M\u00e1rcio Canella (Uni\u00e3o), o prefeito de Campos publicou um v\u00eddeo com uma resposta indireta \u2014 mas facilmente reconhec\u00edvel e muito divertida \u2014 ao epis\u00f3dio. Garotinho insinuou que o rapaz \u00e9 [&hellip;]<\/p>\n","protected":false},"author":3,"featured_media":7243,"comment_status":"open","ping_status":"open","sticky":false,"template":"","format":"standard","meta":{"advanced_seo_description":"","jetpack_seo_html_title":"","jetpack_seo_noindex":false,"fifu_image_url":"https:\/\/temporealrj.com\/wp-content\/uploads\/2026\/02\/Design-sem-nome-2-e1770571754606.jpg","fifu_image_alt":"","_jetpack_memberships_contains_paid_content":false,"footnotes":"","jetpack_publicize_message":"","jetpack_publicize_feature_enabled":true,"jetpack_social_post_already_shared":true,"jetpack_social_options":{"image_generator_settings":{"template":"highway","default_image_id":0,"font":"","enabled":false},"version":2}},"categories":[107],"tags":[],"class_list":{"0":"post-7242","1":"post","2":"type-post","3":"status-publish","4":"format-standard","5":"has-post-thumbnail","7":"category-economia"},"jetpack_publicize_connections":[],"jetpack_featured_media_url":"https:\/\/i0.wp.com\/temporealrj.com\/wp-content\/uploads\/2026\/02\/Design-sem-nome-2-e1770571754606.jpg?fit=%2C&ssl=1","jetpack_sharing_enabled":true,"jetpack-related-posts":[],"_links":{"self":[{"href":"https:\/\/friburgonoticias.com.br\/temp\/wp-json\/wp\/v2\/posts\/7242","targetHints":{"allow":["GET"]}}],"collection":[{"href":"https:\/\/friburgonoticias.com.br\/temp\/wp-json\/wp\/v2\/posts"}],"about":[{"href":"https:\/\/friburgonoticias.com.br\/temp\/wp-json\/wp\/v2\/types\/post"}],"author":[{"embeddable":true,"href":"https:\/\/friburgonoticias.com.br\/temp\/wp-json\/wp\/v2\/users\/3"}],"replies":[{"embeddable":true,"href":"https:\/\/friburgonoticias.com.br\/temp\/wp-json\/wp\/v2\/comments?post=7242"}],"version-history":[{"count":0,"href":"https:\/\/friburgonoticias.com.br\/temp\/wp-json\/wp\/v2\/posts\/7242\/revisions"}],"wp:featuredmedia":[{"embeddable":true,"href":"https:\/\/friburgonoticias.com.br\/temp\/wp-json\/wp\/v2\/media\/7243"}],"wp:attachment":[{"href":"https:\/\/friburgonoticias.com.br\/temp\/wp-json\/wp\/v2\/media?parent=7242"}],"wp:term":[{"taxonomy":"category","embeddable":true,"href":"https:\/\/friburgonoticias.com.br\/temp\/wp-json\/wp\/v2\/categories?post=7242"},{"taxonomy":"post_tag","embeddable":true,"href":"https:\/\/friburgonoticias.com.br\/temp\/wp-json\/wp\/v2\/tags?post=7242"}],"curies":[{"name":"wp","href":"https:\/\/api.w.org\/{rel}","templated":true}]}}