{"id":7246,"date":"2026-02-09T14:07:27","date_gmt":"2026-02-09T14:07:27","guid":{"rendered":"https:\/\/friburgonoticias.com.br\/temp\/2026\/02\/09\/coronel-albucacys-o-bombeiro-da-luma-e-promovido-no-gabinete-da-deputada-giselle-monteiro\/"},"modified":"2026-02-09T14:07:27","modified_gmt":"2026-02-09T14:07:27","slug":"coronel-albucacys-o-bombeiro-da-luma-e-promovido-no-gabinete-da-deputada-giselle-monteiro","status":"publish","type":"post","link":"https:\/\/friburgonoticias.com.br\/temp\/2026\/02\/09\/coronel-albucacys-o-bombeiro-da-luma-e-promovido-no-gabinete-da-deputada-giselle-monteiro\/","title":{"rendered":"Coronel Albucacys, o \u201cbombeiro da Luma\u201d, \u00e9 promovido no gabinete da deputada Giselle Monteiro"},"content":{"rendered":"<p><\/p>\n<div itemprop=\"articleBody\">\nLembrado desde os anos 2000 pelo suposto envolvimento com a modelo Luma de Oliveira, o coronel Jos\u00e9 Albucacys Manso de Castro J\u00fanior foi parar no mundo da assessoria parlamentar e parece ter tido mais sorte na Assembleia Legislativa (Alerj) do que andava tendo no Corpo de Bombeiros.<\/p>\n<p>Se na corpora\u00e7\u00e3o <a href=\"https:\/\/temporealrj.com\/troca-troca-na-defesa-civil-novo-secretario-exonera-sete-oficiais\/\">ele perdeu o cargo de subcomandante durante um \u201ctroca-troca\u201d promovido pelo governador Cl\u00e1udio Castro (PL)<\/a>, na Alerj, Albucacys recebeu uma promo\u00e7\u00e3o, nesta segunda (09), e subiu de cargo no quadro interno de assessores da deputada Giselle Monteiro (PL).<\/p>\n<p>At\u00e9 a \u00faltima semana, o \u201cbombeiro da Luma\u201d tinha uma remunera\u00e7\u00e3o base de R$ 2.350,21 como assessor de n\u00edvel nove no gabinete de Giselle. Agora, est\u00e1 no n\u00edvel seis, com um sal\u00e1rio base estimado em R$ 5.254,08, segundo a tabela de remunera\u00e7\u00e3o dos Cargos Comissionados de Dire\u00e7\u00e3o e Assessoramento Legislativo (CCDAL).<\/p>\n<h2 class=\"wp-block-heading\">Albucacys foi apontado como piv\u00f4 de div\u00f3rcio de famosos antes de assumir comando no Corpo de Bombeiros<\/h2>\n<p>O nome do coronel ficou conhecido em 2004, quando foi apontado como piv\u00f4 da separa\u00e7\u00e3o entre Luma e o empres\u00e1rio Eike Batista. O relacionamento de 13 anos dos famosos acabou na mesma \u00e9poca em que a modelo voltou a posar para revistas masculinas e tamb\u00e9m para um calend\u00e1rio do <a href=\"https:\/\/temporealrj.com\/corpo-de-bombeiros-inicia-pente-fino-e-notifica-13-camarotes-da-sapucai\/\">Corpo de Bombeiros do Rio<\/a>.<\/p>\n<p>Albucacys, por sua vez, posou sem camisa em outro calend\u00e1rio e, segundo as revistas de fofoca, teria tido um caso com a modelo. Os dois sempre negaram o affair. Na \u00e9poca, o bombeiro estava envolvido em outras pol\u00eamicas internas na corpora\u00e7\u00e3o; ele chegou a ser preso administrativamente por dar declara\u00e7\u00f5es p\u00fablicas sem autoriza\u00e7\u00e3o do Corpo de Bombeiros.<\/p>\n<p>Anos mais tarde, as coisas se acalmaram e Albucacys cresceu na corpora\u00e7\u00e3o. Ele foi chefe do Estado-Maior Geral e subcomandante-geral, al\u00e9m de ter participado de epis\u00f3dios marcantes da hist\u00f3ria recente dos bombeiros fluminenses, como o resgate de v\u00edtimas das chuvas na Regi\u00e3o Serrana em 2013.<\/p>\n<p>J\u00e1 veterano, em 2024, foi exonerado do subcomando-geral pelo coronel Tarciso Salles, secret\u00e1rio de Defesa Civil do governo estadual, que, logo ap\u00f3s assumir, tirou mais de uma dezena de diretores, coordenadores e assistentes dos cargos de comando que ocupavam. Depois disso, Albucacys assumiu a fun\u00e7\u00e3o no gabinete da irm\u00e3 de Gabriel Monteiro.<\/p>\n<div class=\"wp-block-image\">\n<figure class=\"aligncenter size-full is-resized\"><img loading=\"lazy\" decoding=\"async\" width=\"504\" height=\"425\" src=\"https:\/\/temporealrj.com\/wp-content\/uploads\/2026\/02\/WhatsApp-Image-2026-02-09-at-08.58.31.jpeg\" alt=\"WhatsApp Image 2026 02 09 at 08.58.31\" class=\"wp-image-118393\" style=\"width:476px;height:auto\" title=\"Coronel Albucacys, o \u201cbombeiro da Luma\u201d, \u00e9 promovido no gabinete da deputada Giselle Monteiro 62\" srcset=\"https:\/\/temporealrj.com\/wp-content\/uploads\/2026\/02\/WhatsApp-Image-2026-02-09-at-08.58.31.jpeg 504w, https:\/\/temporealrj.com\/wp-content\/uploads\/2026\/02\/WhatsApp-Image-2026-02-09-at-08.58.31-300x253.jpeg 300w\" sizes=\"auto, (max-width: 504px) 100vw, 504px\"\/><\/figure>\n<\/div>\n<div class=\"wp-block-image\">\n<figure class=\"aligncenter size-full is-resized\"><img loading=\"lazy\" decoding=\"async\" width=\"721\" height=\"745\" src=\"https:\/\/temporealrj.com\/wp-content\/uploads\/2026\/02\/Captura-de-tela-2026-02-09-103613.png\" alt=\"Captura de tela 2026 02 09 103613\" class=\"wp-image-118394\" style=\"width:655px;height:auto\" title=\"Coronel Albucacys, o \u201cbombeiro da Luma\u201d, \u00e9 promovido no gabinete da deputada Giselle Monteiro 63\" srcset=\"https:\/\/temporealrj.com\/wp-content\/uploads\/2026\/02\/Captura-de-tela-2026-02-09-103613.png 721w, https:\/\/temporealrj.com\/wp-content\/uploads\/2026\/02\/Captura-de-tela-2026-02-09-103613-290x300.png 290w\" sizes=\"auto, (max-width: 721px) 100vw, 721px\"\/><\/figure>\n<\/div>\n<\/div>\n<p><\/a><\/p>\n<p>Fonte: temporealrj.com<\/p>\n","protected":false},"excerpt":{"rendered":"<p>Lembrado desde os anos 2000 pelo suposto envolvimento com a modelo Luma de Oliveira, o coronel Jos\u00e9 Albucacys Manso de Castro J\u00fanior foi parar no mundo da assessoria parlamentar e parece ter tido mais sorte na Assembleia Legislativa (Alerj) do que andava tendo no Corpo de Bombeiros. Se na corpora\u00e7\u00e3o ele perdeu o cargo de [&hellip;]<\/p>\n","protected":false},"author":3,"featured_media":7247,"comment_status":"open","ping_status":"open","sticky":false,"template":"","format":"standard","meta":{"advanced_seo_description":"","jetpack_seo_html_title":"","jetpack_seo_noindex":false,"fifu_image_url":"https:\/\/temporealrj.com\/wp-content\/uploads\/2026\/02\/imgonline-com-ua-twotoone-wrKBSRqTNC8D-e1770644222285.jpg","fifu_image_alt":"","_jetpack_memberships_contains_paid_content":false,"footnotes":"","jetpack_publicize_message":"","jetpack_publicize_feature_enabled":true,"jetpack_social_post_already_shared":true,"jetpack_social_options":{"image_generator_settings":{"template":"highway","default_image_id":0,"font":"","enabled":false},"version":2}},"categories":[107],"tags":[],"class_list":{"0":"post-7246","1":"post","2":"type-post","3":"status-publish","4":"format-standard","5":"has-post-thumbnail","7":"category-economia"},"jetpack_publicize_connections":[],"jetpack_featured_media_url":"https:\/\/i0.wp.com\/temporealrj.com\/wp-content\/uploads\/2026\/02\/imgonline-com-ua-twotoone-wrKBSRqTNC8D-e1770644222285.jpg?fit=%2C&ssl=1","jetpack_sharing_enabled":true,"jetpack-related-posts":[],"_links":{"self":[{"href":"https:\/\/friburgonoticias.com.br\/temp\/wp-json\/wp\/v2\/posts\/7246","targetHints":{"allow":["GET"]}}],"collection":[{"href":"https:\/\/friburgonoticias.com.br\/temp\/wp-json\/wp\/v2\/posts"}],"about":[{"href":"https:\/\/friburgonoticias.com.br\/temp\/wp-json\/wp\/v2\/types\/post"}],"author":[{"embeddable":true,"href":"https:\/\/friburgonoticias.com.br\/temp\/wp-json\/wp\/v2\/users\/3"}],"replies":[{"embeddable":true,"href":"https:\/\/friburgonoticias.com.br\/temp\/wp-json\/wp\/v2\/comments?post=7246"}],"version-history":[{"count":0,"href":"https:\/\/friburgonoticias.com.br\/temp\/wp-json\/wp\/v2\/posts\/7246\/revisions"}],"wp:featuredmedia":[{"embeddable":true,"href":"https:\/\/friburgonoticias.com.br\/temp\/wp-json\/wp\/v2\/media\/7247"}],"wp:attachment":[{"href":"https:\/\/friburgonoticias.com.br\/temp\/wp-json\/wp\/v2\/media?parent=7246"}],"wp:term":[{"taxonomy":"category","embeddable":true,"href":"https:\/\/friburgonoticias.com.br\/temp\/wp-json\/wp\/v2\/categories?post=7246"},{"taxonomy":"post_tag","embeddable":true,"href":"https:\/\/friburgonoticias.com.br\/temp\/wp-json\/wp\/v2\/tags?post=7246"}],"curies":[{"name":"wp","href":"https:\/\/api.w.org\/{rel}","templated":true}]}}