{"id":7288,"date":"2026-02-10T20:57:21","date_gmt":"2026-02-10T20:57:21","guid":{"rendered":"https:\/\/friburgonoticias.com.br\/temp\/2026\/02\/10\/se-isso-for-o-motivo-da-minha-saida-da-ccj-eu-entendo-diz-chico-machado-sdd-depois-de-defesa-polemica-do-voto-secreto\/"},"modified":"2026-02-10T20:57:21","modified_gmt":"2026-02-10T20:57:21","slug":"se-isso-for-o-motivo-da-minha-saida-da-ccj-eu-entendo-diz-chico-machado-sdd-depois-de-defesa-polemica-do-voto-secreto","status":"publish","type":"post","link":"https:\/\/friburgonoticias.com.br\/temp\/2026\/02\/10\/se-isso-for-o-motivo-da-minha-saida-da-ccj-eu-entendo-diz-chico-machado-sdd-depois-de-defesa-polemica-do-voto-secreto\/","title":{"rendered":"&#8216;Se isso for o motivo da minha sa\u00edda da CCJ, eu entendo&#8217; diz Chico Machado (SDD) depois de defesa pol\u00eamica do voto secreto"},"content":{"rendered":"<p><\/p>\n<div itemprop=\"articleBody\">\nO talvez futuro ex-integrante da Comiss\u00e3o de Constitui\u00e7\u00e3o e Justi\u00e7a (CCJ) da Assembleia Legislativa (Alerj), deputado Chico Machado (SDD), comentou no plen\u00e1rio desta ter\u00e7a-feira (10) sobre as poss\u00edveis consequ\u00eancias da declara\u00e7\u00e3o que deu na semana passada \u2014 quando defendeu o voto secreto na elei\u00e7\u00e3o indireta para governador do Rio.<\/p>\n<p>O coment\u00e1rio colocou sua perman\u00eancia na CCJ, a comiss\u00e3o mais importante do parlamento, em debate. <a href=\"https:\/\/temporealrj.com\/ccj-alerj-analisa-eleicao-indireta-governador\/\">O colegiado ser\u00e1 respons\u00e1vel por definir as regras da elei\u00e7\u00e3o indireta para governador<\/a> quando Cl\u00e1udio Castro (PL) renunciar para disputar o Senado.<\/p>\n<p>E a fala de Chico defendendo o voto secreto entre parlamentares gerou questionamentos sobre seu alinhamento dentro da comiss\u00e3o. A deputada Sarah Poncio (SDD) j\u00e1 \u00e9 cogitada para ocupar sua vaga.<\/p>\n<h2 class=\"wp-block-heading\">Machado afirma que teria se \u2018equivocado\u2019 na defesa do voto secreto, mas que entender\u00e1 se for substitu\u00eddo na CCJ<\/h2>\n<p>Em plen\u00e1rio, ele explicou que sua defesa do voto secreto partiu de um equ\u00edvoco sobre precedentes em outros estados.<\/p>\n<p>\u201cEu falei aquilo imaginando que tinha sido copiado na \u00edntegra o que tinha acontecido em Alagoas. Depois,  Luiz Paulo (PSD) me explicou que l\u00e1 o voto foi aberto. Hoje eu sei que na Bahia tamb\u00e9m. Eu n\u00e3o sabia disso\u201d, disse.<\/p>\n<p>Chico Machado deixou claro que, para ele, \u201cse o voto vai ser aberto ou fechado, n\u00e3o faz diferen\u00e7a\u201d, mas \u201centende perfeitamente\u201d se for substitu\u00eddo na CCJ.<\/p>\n<p>\u201cSe isso for o motivo da minha sa\u00edda da CCJ, eu entendo perfeitamente. Faz parte da pol\u00edtica\u201d, afirmou.<\/p>\n<p>E sobre suas rela\u00e7\u00f5es pessoais, o deputado reafirmou que manter\u00e1 amizade com o presidente afastado da Alerj, Rodrigo Bacellar (Uni\u00e3o), e que, para ele, \u201cuma coisa \u00e9 a pessoa, outra coisa \u00e9 a pol\u00edtica\u201d.\n<\/p><\/div>\n<p><\/a><\/p>\n<p>Fonte: temporealrj.com<\/p>\n","protected":false},"excerpt":{"rendered":"<p>O talvez futuro ex-integrante da Comiss\u00e3o de Constitui\u00e7\u00e3o e Justi\u00e7a (CCJ) da Assembleia Legislativa (Alerj), deputado Chico Machado (SDD), comentou no plen\u00e1rio desta ter\u00e7a-feira (10) sobre as poss\u00edveis consequ\u00eancias da declara\u00e7\u00e3o que deu na semana passada \u2014 quando defendeu o voto secreto na elei\u00e7\u00e3o indireta para governador do Rio. O coment\u00e1rio colocou sua perman\u00eancia na [&hellip;]<\/p>\n","protected":false},"author":3,"featured_media":7289,"comment_status":"open","ping_status":"open","sticky":false,"template":"","format":"standard","meta":{"advanced_seo_description":"","jetpack_seo_html_title":"","jetpack_seo_noindex":false,"fifu_image_url":"https:\/\/temporealrj.com\/wp-content\/uploads\/2026\/02\/Chico-Machado-e1682461223265-700x375-1-e1770755618998.jpg","fifu_image_alt":"","_jetpack_memberships_contains_paid_content":false,"footnotes":"","jetpack_publicize_message":"","jetpack_publicize_feature_enabled":true,"jetpack_social_post_already_shared":true,"jetpack_social_options":{"image_generator_settings":{"template":"highway","default_image_id":0,"font":"","enabled":false},"version":2}},"categories":[107],"tags":[],"class_list":{"0":"post-7288","1":"post","2":"type-post","3":"status-publish","4":"format-standard","5":"has-post-thumbnail","7":"category-economia"},"jetpack_publicize_connections":[],"jetpack_featured_media_url":"https:\/\/i0.wp.com\/temporealrj.com\/wp-content\/uploads\/2026\/02\/Chico-Machado-e1682461223265-700x375-1-e1770755618998.jpg?fit=%2C&ssl=1","jetpack_sharing_enabled":true,"jetpack-related-posts":[],"_links":{"self":[{"href":"https:\/\/friburgonoticias.com.br\/temp\/wp-json\/wp\/v2\/posts\/7288","targetHints":{"allow":["GET"]}}],"collection":[{"href":"https:\/\/friburgonoticias.com.br\/temp\/wp-json\/wp\/v2\/posts"}],"about":[{"href":"https:\/\/friburgonoticias.com.br\/temp\/wp-json\/wp\/v2\/types\/post"}],"author":[{"embeddable":true,"href":"https:\/\/friburgonoticias.com.br\/temp\/wp-json\/wp\/v2\/users\/3"}],"replies":[{"embeddable":true,"href":"https:\/\/friburgonoticias.com.br\/temp\/wp-json\/wp\/v2\/comments?post=7288"}],"version-history":[{"count":0,"href":"https:\/\/friburgonoticias.com.br\/temp\/wp-json\/wp\/v2\/posts\/7288\/revisions"}],"wp:featuredmedia":[{"embeddable":true,"href":"https:\/\/friburgonoticias.com.br\/temp\/wp-json\/wp\/v2\/media\/7289"}],"wp:attachment":[{"href":"https:\/\/friburgonoticias.com.br\/temp\/wp-json\/wp\/v2\/media?parent=7288"}],"wp:term":[{"taxonomy":"category","embeddable":true,"href":"https:\/\/friburgonoticias.com.br\/temp\/wp-json\/wp\/v2\/categories?post=7288"},{"taxonomy":"post_tag","embeddable":true,"href":"https:\/\/friburgonoticias.com.br\/temp\/wp-json\/wp\/v2\/tags?post=7288"}],"curies":[{"name":"wp","href":"https:\/\/api.w.org\/{rel}","templated":true}]}}