{"id":7310,"date":"2026-02-11T16:10:39","date_gmt":"2026-02-11T16:10:39","guid":{"rendered":"https:\/\/friburgonoticias.com.br\/temp\/2026\/02\/11\/deputada-defende-internacao-de-adolescente-que-maltratar-animais-ouca-a-entrevista-noticias\/"},"modified":"2026-02-11T16:10:39","modified_gmt":"2026-02-11T16:10:39","slug":"deputada-defende-internacao-de-adolescente-que-maltratar-animais-ouca-a-entrevista-noticias","status":"publish","type":"post","link":"https:\/\/friburgonoticias.com.br\/temp\/2026\/02\/11\/deputada-defende-internacao-de-adolescente-que-maltratar-animais-ouca-a-entrevista-noticias\/","title":{"rendered":"Deputada defende interna\u00e7\u00e3o de adolescente que maltratar animais; ou\u00e7a a entrevista &#8211; Not\u00edcias"},"content":{"rendered":"<p><\/p>\n<div>\n<p class=\"g-artigo__data-hora\">\n                      11\/02\/2026 &#8211; 12:01 \u00a0\n                    <\/p>\n<div id=\"video-container-1244714\" class=\"embed-responsive embed-responsive-16by9\" style=\"margin-bottom: 18px;\" data-youtube-id=\"Rt5pwHL_uNM\">\n        <em>YouTube<\/em><br \/>\n        <iframe loading=\"lazy\" title=\"Rosana Valle quer que o ECA inclua interna\u00e7\u00e3o de adolescentes por crueldade contra animais - 11\/2\/26\" width=\"1170\" height=\"658\" src=\"https:\/\/www.youtube.com\/embed\/Rt5pwHL_uNM?feature=oembed\" frameborder=\"0\" allow=\"accelerometer; autoplay; clipboard-write; encrypted-media; gyroscope; picture-in-picture; web-share\" referrerpolicy=\"strict-origin-when-cross-origin\" allowfullscreen><\/iframe><\/p><\/div>\n<p>        \u00a0<br \/>\n        A C\u00e2mara dos Deputados pode votar, ap\u00f3s o Carnaval, proposta que muda o <a href=\"https:\/\/www2.camara.leg.br\/legin\/fed\/lei\/1990\/lei-8069-13-julho-1990-372211-norma-pl.html\">Estatuto da Crian\u00e7a e do Adolescente (ECA)<\/a> para prever a interna\u00e7\u00e3o de adolescentes por maus-tratos com extrema crueldade contra animais (Projeto de Lei 41\/26).<br \/>\n        O debate ganhou for\u00e7a ap\u00f3s a morte do c\u00e3o Orelha, em Santa Catarina, atribu\u00edda a um adolescente. As agress\u00f5es ocorreram supostamente em 4 de janeiro deste ano.<br \/>\n        Orelha era um c\u00e3o comunit\u00e1rio que recebia cuidados de moradores da Praia Brava, em Florian\u00f3polis. Um adolescente foi acusado formalmente pela pol\u00edcia. Outros quatro adolescentes, tamb\u00e9m citados no caso das agress\u00f5es ao Orelha, s\u00e3o acusados de tentar afogar outro cachorro, chamado Caramelo, jogando-o no mar.<\/p>\n<p>        <strong>Lacuna legal<\/strong><br \/>Em entrevista \u00e0 <em>R\u00e1dio C\u00e2mara<\/em>, nesta quarta-feira (11), a autora do projeto, deputada Rosana Valle (PL-SP), afirmou que h\u00e1 uma \u201clacuna\u201d no artigo 122 do ECA, que hoje prev\u00ea interna\u00e7\u00e3o para:<\/p>\n<ul>\n<li>casos de viol\u00eancia ou grave amea\u00e7a a pessoas;<\/li>\n<li>cometimento de outros atos infracionais graves; ou<\/li>\n<li>descumprimento injustificado de medida socioeducativa imposta anteriormente.<\/li>\n<\/ul>\n<p>        Ou seja, o ECA prev\u00ea a interna\u00e7\u00e3o para ato infracional cometido mediante grave amea\u00e7a ou viol\u00eancia a uma pessoa \u2013 n\u00e3o menciona animal.<br \/>\n        O projeto teve <a href=\"https:\/\/www.camara.leg.br\/noticias\/1243953-CAMARA-APROVA-REGIME-DE-URGENCIA-PARA-DEZ-PROJETOS\">urg\u00eancia\u00a0aprovada<\/a> na C\u00e2mara e pode ir direto ao Plen\u00e1rio.<br \/>\n        \u201cProteger o animal \u00e9 proteger a sociedade e as fam\u00edlias. \u00c9 impedir que casos como esse, que aconteceram e acontecem no dia a dia, fiquem sem puni\u00e7\u00e3o. O Estado n\u00e3o pode ser omisso numa circunst\u00e2ncia dessa e h\u00e1, sim, uma lacuna no ECA, que n\u00e3o prev\u00ea puni\u00e7\u00e3o para quem comete ato de crueldade contra os animais,\u201d disse Rosana Valle.<\/p>\n<p>        <strong>Outros casos<\/strong><br \/>A deputada alertou que outros casos de maus-tratos contra animais praticados por adolescentes t\u00eam sido noticiados.<br \/>\n        \u201cAp\u00f3s essa den\u00fancia, esse crime contra o cachorro Orelha, foi feita uma den\u00fancia contra uma cadela tamb\u00e9m nos mesmos moldes, ou seja, mostrando a perversidade e at\u00e9 de ind\u00edcios de psicopatia nesses adolescentes que maltratam os animais,\u201d lamentou.<\/p>\n<p style=\"font-size: 0.8rem; font-weight: 700;\">Da R\u00e1dio C\u00e2mara<br \/>Edi\u00e7\u00e3o &#8211; Natalia Doederlein<\/p>\n<\/p><\/div>\n<p><\/a><\/p>\n<p>Fonte: www.camara.leg.br<\/p>\n","protected":false},"excerpt":{"rendered":"<p>11\/02\/2026 &#8211; 12:01 \u00a0 YouTube \u00a0 A C\u00e2mara dos Deputados pode votar, ap\u00f3s o Carnaval, proposta que muda o Estatuto da Crian\u00e7a e do Adolescente (ECA) para prever a interna\u00e7\u00e3o de adolescentes por maus-tratos com extrema crueldade contra animais (Projeto de Lei 41\/26). O debate ganhou for\u00e7a ap\u00f3s a morte do c\u00e3o Orelha, em Santa [&hellip;]<\/p>\n","protected":false},"author":3,"featured_media":7311,"comment_status":"open","ping_status":"open","sticky":false,"template":"","format":"standard","meta":{"advanced_seo_description":"","jetpack_seo_html_title":"","jetpack_seo_noindex":false,"fifu_image_url":"https:\/\/www.camara.leg.br\/tema\/assets\/images\/imagens-compartilhamento\/noticias.jpg","fifu_image_alt":"","_jetpack_memberships_contains_paid_content":false,"footnotes":"","jetpack_publicize_message":"","jetpack_publicize_feature_enabled":true,"jetpack_social_post_already_shared":true,"jetpack_social_options":{"image_generator_settings":{"template":"highway","default_image_id":0,"font":"","enabled":false},"version":2}},"categories":[106,1],"tags":[],"class_list":{"0":"post-7310","1":"post","2":"type-post","3":"status-publish","4":"format-standard","5":"has-post-thumbnail","7":"category-politica","8":"category-uncategorized"},"jetpack_publicize_connections":[],"jetpack_featured_media_url":"https:\/\/i0.wp.com\/www.camara.leg.br\/tema\/assets\/images\/imagens-compartilhamento\/noticias.jpg?fit=%2C&ssl=1","jetpack_sharing_enabled":true,"jetpack-related-posts":[],"_links":{"self":[{"href":"https:\/\/friburgonoticias.com.br\/temp\/wp-json\/wp\/v2\/posts\/7310","targetHints":{"allow":["GET"]}}],"collection":[{"href":"https:\/\/friburgonoticias.com.br\/temp\/wp-json\/wp\/v2\/posts"}],"about":[{"href":"https:\/\/friburgonoticias.com.br\/temp\/wp-json\/wp\/v2\/types\/post"}],"author":[{"embeddable":true,"href":"https:\/\/friburgonoticias.com.br\/temp\/wp-json\/wp\/v2\/users\/3"}],"replies":[{"embeddable":true,"href":"https:\/\/friburgonoticias.com.br\/temp\/wp-json\/wp\/v2\/comments?post=7310"}],"version-history":[{"count":0,"href":"https:\/\/friburgonoticias.com.br\/temp\/wp-json\/wp\/v2\/posts\/7310\/revisions"}],"wp:featuredmedia":[{"embeddable":true,"href":"https:\/\/friburgonoticias.com.br\/temp\/wp-json\/wp\/v2\/media\/7311"}],"wp:attachment":[{"href":"https:\/\/friburgonoticias.com.br\/temp\/wp-json\/wp\/v2\/media?parent=7310"}],"wp:term":[{"taxonomy":"category","embeddable":true,"href":"https:\/\/friburgonoticias.com.br\/temp\/wp-json\/wp\/v2\/categories?post=7310"},{"taxonomy":"post_tag","embeddable":true,"href":"https:\/\/friburgonoticias.com.br\/temp\/wp-json\/wp\/v2\/tags?post=7310"}],"curies":[{"name":"wp","href":"https:\/\/api.w.org\/{rel}","templated":true}]}}