{"id":7328,"date":"2026-02-11T22:39:43","date_gmt":"2026-02-11T22:39:43","guid":{"rendered":"https:\/\/friburgonoticias.com.br\/temp\/2026\/02\/11\/vereadora-gigi-castilho-oficializa-ida-ao-pl-e-deixa-o-partido-com-cara-mais-feminina-ao-lado-de-alana-passos\/"},"modified":"2026-02-11T22:39:43","modified_gmt":"2026-02-11T22:39:43","slug":"vereadora-gigi-castilho-oficializa-ida-ao-pl-e-deixa-o-partido-com-cara-mais-feminina-ao-lado-de-alana-passos","status":"publish","type":"post","link":"https:\/\/friburgonoticias.com.br\/temp\/2026\/02\/11\/vereadora-gigi-castilho-oficializa-ida-ao-pl-e-deixa-o-partido-com-cara-mais-feminina-ao-lado-de-alana-passos\/","title":{"rendered":"Vereadora Gigi Castilho oficializa ida ao PL e deixa o partido com cara mais feminina ao lado de Alana Passos"},"content":{"rendered":"<p><\/p>\n<div itemprop=\"articleBody\">\nA bancada do Partido Liberal (PL) na <a href=\"https:\/\/www.camara.rio\/\" target=\"_blank\" rel=\"noopener\">C\u00e2mara do Rio<\/a> come\u00e7a o ano de cara nova \u2014 e, diga-se de passagem, mais feminina. A Casa Legislativa oficializou, no <a href=\"https:\/\/temporealrj.com\/vereadora-gigi-castilho-oficializa-ida-ao-pl-e-deixa-o-partido-com-cara-mais-feminina-ao-lado-de-alana-passos\/file:\/\/\/C:\/Users\/marco\/Downloads\/20260211F5178CC6.pdf\">Di\u00e1rio Oficial desta quarta-feira (11)<\/a>, a <a href=\"https:\/\/temporealrj.com\/gigi-castilho-filia-ao-pl\/\">sa\u00edda da vereadora Gigi Castilho do Republicanos e sua chegada \u00e0 sigla da fam\u00edlia Bolsonaro.<\/a><\/p>\n<p>Ela \u00e9 a segunda mulher a integrar o partido para este ano legislativo, que come\u00e7a ap\u00f3s o carnaval, no dia 19 de fevereiro. <a href=\"https:\/\/temporealrj.com\/camara-do-rio-encerra-2025-com-casa-cheia-e-posse-da-novata-alana-passos-pl\/\">O outro refor\u00e7o foi Alana Passos, que assumiu a vaga ap\u00f3s a ren\u00fancia de Carlos Bolsonaro para disputar o Senado por Santa Catarina<\/a>.<\/p>\n<h2 class=\"wp-block-heading\">PL se manter\u00e1 como a segunda maior bancada da C\u00e2mara do Rio<\/h2>\n<p>Gigi assinou a filia\u00e7\u00e3o na segunda-feira, mas s\u00f3 agora oficializou a sa\u00edda do Republicanos e a entrada no PL em of\u00edcios enviados ao presidente da C\u00e2mara, Carlo Caiado (PSD). Ela anexou a carta de anu\u00eancia do partido e a decis\u00e3o da Justi\u00e7a Eleitoral que garante a manuten\u00e7\u00e3o do mandato.<\/p>\n<p>Com a mudan\u00e7a, a bancada do PL passa a contar com oito vereadores e se mant\u00e9m como a segunda maior da Casa, atr\u00e1s apenas do PSD do prefeito Eduardo Paes. Al\u00e9m de Gigi e Alana, integram o partido o l\u00edder Rog\u00e9rio Amorim, Diego Faro, Fernando Armelau, Paulo Messina, Poubel e Rafael Sati\u00ea.<\/p>\n<div class=\"wp-block-image\">\n<figure class=\"aligncenter size-full is-resized\"><img loading=\"lazy\" decoding=\"async\" width=\"266\" height=\"647\" src=\"https:\/\/temporealrj.com\/wp-content\/uploads\/2026\/02\/Captura-de-tela-2026-02-11-185118.png\" alt=\"Captura de tela 2026 02 11 185118\" class=\"wp-image-118910\" style=\"width:290px;height:auto\" title=\"Vereadora Gigi Castilho oficializa ida ao PL e deixa o partido com cara mais feminina ao lado de Alana Passos 62\" srcset=\"https:\/\/temporealrj.com\/wp-content\/uploads\/2026\/02\/Captura-de-tela-2026-02-11-185118.png 266w, https:\/\/temporealrj.com\/wp-content\/uploads\/2026\/02\/Captura-de-tela-2026-02-11-185118-123x300.png 123w\" sizes=\"auto, (max-width: 266px) 100vw, 266px\"\/><\/figure>\n<\/div>\n<\/div>\n<p><\/a><\/p>\n<p>Fonte: temporealrj.com<\/p>\n","protected":false},"excerpt":{"rendered":"<p>A bancada do Partido Liberal (PL) na C\u00e2mara do Rio come\u00e7a o ano de cara nova \u2014 e, diga-se de passagem, mais feminina. A Casa Legislativa oficializou, no Di\u00e1rio Oficial desta quarta-feira (11), a sa\u00edda da vereadora Gigi Castilho do Republicanos e sua chegada \u00e0 sigla da fam\u00edlia Bolsonaro. Ela \u00e9 a segunda mulher a [&hellip;]<\/p>\n","protected":false},"author":3,"featured_media":7329,"comment_status":"open","ping_status":"open","sticky":false,"template":"","format":"standard","meta":{"advanced_seo_description":"","jetpack_seo_html_title":"","jetpack_seo_noindex":false,"fifu_image_url":"https:\/\/temporealrj.com\/wp-content\/uploads\/2026\/02\/54992544256_53da91b156_o-scaled-e1770848307585.jpg","fifu_image_alt":"","_jetpack_memberships_contains_paid_content":false,"footnotes":"","jetpack_publicize_message":"","jetpack_publicize_feature_enabled":true,"jetpack_social_post_already_shared":true,"jetpack_social_options":{"image_generator_settings":{"template":"highway","default_image_id":0,"font":"","enabled":false},"version":2}},"categories":[107],"tags":[],"class_list":{"0":"post-7328","1":"post","2":"type-post","3":"status-publish","4":"format-standard","5":"has-post-thumbnail","7":"category-economia"},"jetpack_publicize_connections":[],"jetpack_featured_media_url":"https:\/\/i0.wp.com\/temporealrj.com\/wp-content\/uploads\/2026\/02\/54992544256_53da91b156_o-scaled-e1770848307585.jpg?fit=%2C&ssl=1","jetpack_sharing_enabled":true,"jetpack-related-posts":[],"_links":{"self":[{"href":"https:\/\/friburgonoticias.com.br\/temp\/wp-json\/wp\/v2\/posts\/7328","targetHints":{"allow":["GET"]}}],"collection":[{"href":"https:\/\/friburgonoticias.com.br\/temp\/wp-json\/wp\/v2\/posts"}],"about":[{"href":"https:\/\/friburgonoticias.com.br\/temp\/wp-json\/wp\/v2\/types\/post"}],"author":[{"embeddable":true,"href":"https:\/\/friburgonoticias.com.br\/temp\/wp-json\/wp\/v2\/users\/3"}],"replies":[{"embeddable":true,"href":"https:\/\/friburgonoticias.com.br\/temp\/wp-json\/wp\/v2\/comments?post=7328"}],"version-history":[{"count":0,"href":"https:\/\/friburgonoticias.com.br\/temp\/wp-json\/wp\/v2\/posts\/7328\/revisions"}],"wp:featuredmedia":[{"embeddable":true,"href":"https:\/\/friburgonoticias.com.br\/temp\/wp-json\/wp\/v2\/media\/7329"}],"wp:attachment":[{"href":"https:\/\/friburgonoticias.com.br\/temp\/wp-json\/wp\/v2\/media?parent=7328"}],"wp:term":[{"taxonomy":"category","embeddable":true,"href":"https:\/\/friburgonoticias.com.br\/temp\/wp-json\/wp\/v2\/categories?post=7328"},{"taxonomy":"post_tag","embeddable":true,"href":"https:\/\/friburgonoticias.com.br\/temp\/wp-json\/wp\/v2\/tags?post=7328"}],"curies":[{"name":"wp","href":"https:\/\/api.w.org\/{rel}","templated":true}]}}