{"id":7334,"date":"2026-02-12T13:23:43","date_gmt":"2026-02-12T13:23:43","guid":{"rendered":"https:\/\/friburgonoticias.com.br\/temp\/2026\/02\/12\/projeto-preve-duplo-grau-de-jurisdicao-para-declaracao-de-inelegibilidade-noticias\/"},"modified":"2026-02-12T13:23:43","modified_gmt":"2026-02-12T13:23:43","slug":"projeto-preve-duplo-grau-de-jurisdicao-para-declaracao-de-inelegibilidade-noticias","status":"publish","type":"post","link":"https:\/\/friburgonoticias.com.br\/temp\/2026\/02\/12\/projeto-preve-duplo-grau-de-jurisdicao-para-declaracao-de-inelegibilidade-noticias\/","title":{"rendered":"Projeto prev\u00ea duplo grau de jurisdi\u00e7\u00e3o para declara\u00e7\u00e3o de inelegibilidade &#8211; Not\u00edcias"},"content":{"rendered":"<p><\/p>\n<div>\n<div>\n<p class=\"g-artigo__data-hora\">\n                      12\/02\/2026 &#8211; 09:36 \u00a0\n                    <\/p>\n<div id=\"image-container-1245045\" class=\"image-container\" style=\"float: none; margin: 45px 0px; width: 100%;\" data-midia=\"1245045\">\n        <em>Marina Ramos \/ C\u00e2mara dos Deputados<\/em><\/p>\n<p>        Fausto Pinato \u00e9 o autor da proposta\n        <\/p><\/div>\n<p>        O Projeto de Lei Complementar (PLP) 228\/24 determina que autoridades com foro por prerrogativa de fun\u00e7\u00e3o s\u00f3 fiquem ineleg\u00edveis ap\u00f3s terem direito a recurso em inst\u00e2ncia superior (o chamado duplo grau de jurisdi\u00e7\u00e3o), mesmo em decis\u00f5es proferidas por \u00f3rg\u00e3os colegiados.<\/p>\n<p data-start=\"3971\" data-end=\"4056\">Em an\u00e1lise na C\u00e2mara dos Deputados, o projeto altera a <a href=\"https:\/\/www2.camara.leg.br\/legin\/fed\/leicom\/1990\/leicomplementar-64-18-maio-1990-363991-norma-pl.html\">Lei das Inelegibilidades<\/a>.<\/p>\n<p data-start=\"4058\" data-end=\"4129\">Hoje, pessoas condenadas por decis\u00e3o de \u00f3rg\u00e3o colegiado (tribunal) tornam-se ineleg\u00edveis.<\/p>\n<p data-start=\"4131\" data-end=\"4390\">No caso de autoridades com foro por prerrogativa de fun\u00e7\u00e3o, como deputados e o presidente da Rep\u00fablica, o julgamento ocorre diretamente em tribunais superiores, como o Supremo Tribunal Federal (STF). Nessas situa\u00e7\u00f5es, n\u00e3o h\u00e1 inst\u00e2ncia superior para reexaminar a decis\u00e3o.<\/p>\n<p data-start=\"4392\" data-end=\"4581\">Para o autor da proposta, deputado Fausto Pinato (PP-SP), isso cria diferen\u00e7a de tratamento entre autoridades com foro e cidad\u00e3os que podem recorrer da condena\u00e7\u00e3o em primeira inst\u00e2ncia. \u201cA legisla\u00e7\u00e3o trata os titulares de prerrogativa de foro como cidad\u00e3os de segunda classe\u201d, disse.<\/p>\n<p>        <strong>Pr\u00f3ximos passos<\/strong><br \/>\n        O projeto ser\u00e1 analisado agora pela Comiss\u00e3o de Constitui\u00e7\u00e3o e Justi\u00e7a e de Cidadania (CCJ) e pelo Plen\u00e1rio. Para virar lei, a proposta precisa ser aprovada pela C\u00e2mara e pelo Senado.<\/p>\n<p style=\"font-size: 0.8rem; font-weight: 700;\">Reportagem \u2013 Janary J\u00fanior<br \/>Edi\u00e7\u00e3o \u2013 Rachel Librelon<\/p>\n<\/p><\/div>\n<\/p><\/div>\n<p><\/a><\/p>\n<p>Fonte: www.camara.leg.br<\/p>\n","protected":false},"excerpt":{"rendered":"<p>12\/02\/2026 &#8211; 09:36 \u00a0 Marina Ramos \/ C\u00e2mara dos Deputados Fausto Pinato \u00e9 o autor da proposta O Projeto de Lei Complementar (PLP) 228\/24 determina que autoridades com foro por prerrogativa de fun\u00e7\u00e3o s\u00f3 fiquem ineleg\u00edveis ap\u00f3s terem direito a recurso em inst\u00e2ncia superior (o chamado duplo grau de jurisdi\u00e7\u00e3o), mesmo em decis\u00f5es proferidas por [&hellip;]<\/p>\n","protected":false},"author":3,"featured_media":7335,"comment_status":"open","ping_status":"open","sticky":false,"template":"","format":"standard","meta":{"advanced_seo_description":"","jetpack_seo_html_title":"","jetpack_seo_noindex":false,"fifu_image_url":"https:\/\/www.camara.leg.br\/midias\/image\/2026\/02\/img20251030104839680-768x473.jpg","fifu_image_alt":"","_jetpack_memberships_contains_paid_content":false,"footnotes":"","jetpack_publicize_message":"","jetpack_publicize_feature_enabled":true,"jetpack_social_post_already_shared":true,"jetpack_social_options":{"image_generator_settings":{"template":"highway","default_image_id":0,"font":"","enabled":false},"version":2}},"categories":[106,1],"tags":[],"class_list":{"0":"post-7334","1":"post","2":"type-post","3":"status-publish","4":"format-standard","5":"has-post-thumbnail","7":"category-politica","8":"category-uncategorized"},"jetpack_publicize_connections":[],"jetpack_featured_media_url":"https:\/\/i0.wp.com\/www.camara.leg.br\/midias\/image\/2026\/02\/img20251030104839680-768x473.jpg?fit=%2C&ssl=1","jetpack_sharing_enabled":true,"jetpack-related-posts":[],"_links":{"self":[{"href":"https:\/\/friburgonoticias.com.br\/temp\/wp-json\/wp\/v2\/posts\/7334","targetHints":{"allow":["GET"]}}],"collection":[{"href":"https:\/\/friburgonoticias.com.br\/temp\/wp-json\/wp\/v2\/posts"}],"about":[{"href":"https:\/\/friburgonoticias.com.br\/temp\/wp-json\/wp\/v2\/types\/post"}],"author":[{"embeddable":true,"href":"https:\/\/friburgonoticias.com.br\/temp\/wp-json\/wp\/v2\/users\/3"}],"replies":[{"embeddable":true,"href":"https:\/\/friburgonoticias.com.br\/temp\/wp-json\/wp\/v2\/comments?post=7334"}],"version-history":[{"count":0,"href":"https:\/\/friburgonoticias.com.br\/temp\/wp-json\/wp\/v2\/posts\/7334\/revisions"}],"wp:featuredmedia":[{"embeddable":true,"href":"https:\/\/friburgonoticias.com.br\/temp\/wp-json\/wp\/v2\/media\/7335"}],"wp:attachment":[{"href":"https:\/\/friburgonoticias.com.br\/temp\/wp-json\/wp\/v2\/media?parent=7334"}],"wp:term":[{"taxonomy":"category","embeddable":true,"href":"https:\/\/friburgonoticias.com.br\/temp\/wp-json\/wp\/v2\/categories?post=7334"},{"taxonomy":"post_tag","embeddable":true,"href":"https:\/\/friburgonoticias.com.br\/temp\/wp-json\/wp\/v2\/tags?post=7334"}],"curies":[{"name":"wp","href":"https:\/\/api.w.org\/{rel}","templated":true}]}}