{"id":7368,"date":"2026-02-13T18:45:41","date_gmt":"2026-02-13T18:45:41","guid":{"rendered":"https:\/\/friburgonoticias.com.br\/temp\/2026\/02\/13\/stf-decidiu-haroldinho-vence-por-3-a-1-e-segue-na-presidencia-da-camara-e-como-prefeito-interino-de-itaguai\/"},"modified":"2026-02-13T18:45:41","modified_gmt":"2026-02-13T18:45:41","slug":"stf-decidiu-haroldinho-vence-por-3-a-1-e-segue-na-presidencia-da-camara-e-como-prefeito-interino-de-itaguai","status":"publish","type":"post","link":"https:\/\/friburgonoticias.com.br\/temp\/2026\/02\/13\/stf-decidiu-haroldinho-vence-por-3-a-1-e-segue-na-presidencia-da-camara-e-como-prefeito-interino-de-itaguai\/","title":{"rendered":"STF decidiu: Haroldinho vence por 3 a 1 e segue na presid\u00eancia da C\u00e2mara e como prefeito interino de Itagua\u00ed"},"content":{"rendered":"<p><\/p>\n<div itemprop=\"articleBody\">\nA <a href=\"https:\/\/temporealrj.com\/votacao-haroldinho-esta-empatada-stf\/\">novela do \u201cterceiro mandato\u201d na C\u00e2mara Municipal de Itagua\u00ed<\/a> ganhou um cap\u00edtulo final. Por 3 votos a 1, a Primeira Turma do Supremo Tribunal Federal (STF) rejeitou o recurso do ex-prefeito Doutor Rub\u00e3o (Podemos) e manteve Haroldo Rodrigues Jesus Neto, o Haroldinho (PDT), na presid\u00eancia \u2014 e, consequentemente, como prefeito interino da cidade.<\/p>\n<p>Relatora do caso, a ministra C\u00e1rmen L\u00facia votou contra o recurso. Ela foi acompanhada pelos ministros Cristiano Zanin e Fl\u00e1vio Dino, formando maioria.<\/p>\n<p>O \u00fanico voto divergente foi do ministro Alexandre de Moraes, que entendia que a elei\u00e7\u00e3o de Haroldinho para o bi\u00eanio 2025\/2026 configuraria um terceiro mandato consecutivo no comando da C\u00e2mara.<\/p>\n<h2 class=\"wp-block-heading\">Marco temporal foi decisivo para defesa de Haroldinho<\/h2>\n<p>A maioria seguiu o entendimento de que a primeira elei\u00e7\u00e3o de Haroldinho para presidente da C\u00e2mara ocorreu em 1\u00ba de janeiro de 2021 \u2014 antes do marco temporal fixado pelo STF (7 de janeiro de 2021) para aplica\u00e7\u00e3o da regra que limita a uma \u00fanica reelei\u00e7\u00e3o sucessiva nos cargos das mesas diretoras.<\/p>\n<p>Com isso, mesmo havendo nova elei\u00e7\u00e3o posterior, n\u00e3o ficou configurado descumprimento dos precedentes da Corte sobre o tema.\n<\/p><\/div>\n<p><\/a><\/p>\n<p>Fonte: temporealrj.com<\/p>\n","protected":false},"excerpt":{"rendered":"<p>A novela do \u201cterceiro mandato\u201d na C\u00e2mara Municipal de Itagua\u00ed ganhou um cap\u00edtulo final. Por 3 votos a 1, a Primeira Turma do Supremo Tribunal Federal (STF) rejeitou o recurso do ex-prefeito Doutor Rub\u00e3o (Podemos) e manteve Haroldo Rodrigues Jesus Neto, o Haroldinho (PDT), na presid\u00eancia \u2014 e, consequentemente, como prefeito interino da cidade. Relatora [&hellip;]<\/p>\n","protected":false},"author":3,"featured_media":7369,"comment_status":"open","ping_status":"open","sticky":false,"template":"","format":"standard","meta":{"advanced_seo_description":"","jetpack_seo_html_title":"","jetpack_seo_noindex":false,"fifu_image_url":"https:\/\/temporealrj.com\/wp-content\/uploads\/2025\/07\/WhatsApp-Image-2025-07-29-at-11.24.11.jpeg","fifu_image_alt":"","_jetpack_memberships_contains_paid_content":false,"footnotes":"","jetpack_publicize_message":"","jetpack_publicize_feature_enabled":true,"jetpack_social_post_already_shared":true,"jetpack_social_options":{"image_generator_settings":{"template":"highway","default_image_id":0,"font":"","enabled":false},"version":2}},"categories":[107],"tags":[],"class_list":{"0":"post-7368","1":"post","2":"type-post","3":"status-publish","4":"format-standard","5":"has-post-thumbnail","7":"category-economia"},"jetpack_publicize_connections":[],"jetpack_featured_media_url":"https:\/\/i0.wp.com\/temporealrj.com\/wp-content\/uploads\/2025\/07\/WhatsApp-Image-2025-07-29-at-11.24.11.jpeg?fit=%2C&ssl=1","jetpack_sharing_enabled":true,"jetpack-related-posts":[],"_links":{"self":[{"href":"https:\/\/friburgonoticias.com.br\/temp\/wp-json\/wp\/v2\/posts\/7368","targetHints":{"allow":["GET"]}}],"collection":[{"href":"https:\/\/friburgonoticias.com.br\/temp\/wp-json\/wp\/v2\/posts"}],"about":[{"href":"https:\/\/friburgonoticias.com.br\/temp\/wp-json\/wp\/v2\/types\/post"}],"author":[{"embeddable":true,"href":"https:\/\/friburgonoticias.com.br\/temp\/wp-json\/wp\/v2\/users\/3"}],"replies":[{"embeddable":true,"href":"https:\/\/friburgonoticias.com.br\/temp\/wp-json\/wp\/v2\/comments?post=7368"}],"version-history":[{"count":0,"href":"https:\/\/friburgonoticias.com.br\/temp\/wp-json\/wp\/v2\/posts\/7368\/revisions"}],"wp:featuredmedia":[{"embeddable":true,"href":"https:\/\/friburgonoticias.com.br\/temp\/wp-json\/wp\/v2\/media\/7369"}],"wp:attachment":[{"href":"https:\/\/friburgonoticias.com.br\/temp\/wp-json\/wp\/v2\/media?parent=7368"}],"wp:term":[{"taxonomy":"category","embeddable":true,"href":"https:\/\/friburgonoticias.com.br\/temp\/wp-json\/wp\/v2\/categories?post=7368"},{"taxonomy":"post_tag","embeddable":true,"href":"https:\/\/friburgonoticias.com.br\/temp\/wp-json\/wp\/v2\/tags?post=7368"}],"curies":[{"name":"wp","href":"https:\/\/api.w.org\/{rel}","templated":true}]}}