{"id":7370,"date":"2026-02-13T19:28:24","date_gmt":"2026-02-13T19:28:24","guid":{"rendered":"https:\/\/friburgonoticias.com.br\/temp\/2026\/02\/13\/proposta-eleva-pena-de-estupro-com-lesao-grave-ou-morte-para-40-anos-noticias\/"},"modified":"2026-02-13T19:28:24","modified_gmt":"2026-02-13T19:28:24","slug":"proposta-eleva-pena-de-estupro-com-lesao-grave-ou-morte-para-40-anos-noticias","status":"publish","type":"post","link":"https:\/\/friburgonoticias.com.br\/temp\/2026\/02\/13\/proposta-eleva-pena-de-estupro-com-lesao-grave-ou-morte-para-40-anos-noticias\/","title":{"rendered":"Proposta eleva pena de estupro com les\u00e3o grave ou morte para 40 anos &#8211; Not\u00edcias"},"content":{"rendered":"<p><\/p>\n<div>\n<p class=\"g-artigo__data-hora\">\n                      13\/02\/2026 &#8211; 15:48 \u00a0\n                    <\/p>\n<div id=\"image-container-1245706\" class=\"image-container\" style=\"float: none; margin: 45px 0px; width: 100%;\" data-midia=\"1245706\">\n        <em>Renato Ara\u00fajo\/C\u00e2mara dos Deputados<\/em><\/p>\n<p>        Ely Santos: penas brandas transmitem a sensa\u00e7\u00e3o de impunidade\n        <\/p><\/div>\n<p>        O Projeto de Lei 4916\/25, da deputada Ely Santos (Republicanos-SP), aumenta as penas para crimes contra a vida e a dignidade sexual. O texto, que altera o C\u00f3digo Penal (<a class=\"linkLegislacao\" href=\"https:\/\/www2.camara.gov.br\/legin\/fed\/declei\/1940-1949\/decreto-lei-2848-7-dezembro-1940-412868-norma-pe.html\">Decreto-Lei 2.848\/40<\/a>), est\u00e1 em an\u00e1lise na C\u00e2mara dos Deputados.<br \/>\n        Para os crimes de estupro e estupro de vulner\u00e1vel, a proposta aumenta a pena para 30 a 40 anos de <span id=\"4303\" class=\"termoGlossario\" title=\"A reclus\u00e3o \u00e9 a mais severa entre as penas privativas de liberdade. Destina-se a crimes dolosos (com inten\u00e7\u00e3o).\" contenteditable=\"false\" data-toggle=\"tooltip\" data-placement=\"top\">reclus\u00e3o<\/span> se o crime gerar les\u00e3o corporal grave ou morte da v\u00edtima.<br \/>\n        As penas para o crime de homic\u00eddio qualificado sobem de 12 a 30 anos para 30 a 40 anos de reclus\u00e3o. Para o de feminic\u00eddio: de 20 a 40 anos para 30 a 40 anos.<br \/>\n        De acordo com Santos, a discrep\u00e2ncia atual das penas gera a sensa\u00e7\u00e3o de desproporcionalidade, pois delitos de gravidade equivalente, que atingem bens jur\u00eddicos fundamentais (vida, integridade f\u00edsica e dignidade sexual), possuem penas m\u00e1ximas diferentes.<br \/>\n        <strong>Fun\u00e7\u00e3o preventiva<\/strong><br \/>&#8220;Delitos de gravidade equiparada n\u00e3o recebem a mesma resposta penal, criando sensa\u00e7\u00e3o de injusti\u00e7a, enfraquecendo a fun\u00e7\u00e3o preventiva da pena e dificultando a compreens\u00e3o social da l\u00f3gica do sistema jur\u00eddico&#8221;, disse.<br \/>\n        Ely Santos afirmou que unificar a pena em 30 a 40 anos para todos esses crimes harmoniza o sistema penal, eliminando discrep\u00e2ncias. &#8220;Eleva o patamar m\u00ednimo de puni\u00e7\u00e3o, evitando que a aplica\u00e7\u00e3o de penas brandas transmita sensa\u00e7\u00e3o de impunidade e garante proporcionalidade&#8221;, declarou a parlamentar.<br \/>\n        A proposta, de acordo com Santos, n\u00e3o foi feita &#8220;sob o calor da emo\u00e7\u00e3o&#8221;, mas reconhece a urg\u00eancia hist\u00f3rica de enfrentar crimes b\u00e1rbaros que ferem o \u00e2mago da civiliza\u00e7\u00e3o e comprometem a confian\u00e7a da sociedade no Estado de Direito.<br \/>\n        <strong>Pr\u00f3ximos passos<\/strong><br \/>A proposta ser\u00e1 analisada pela Comiss\u00e3o de Constitui\u00e7\u00e3o e Justi\u00e7a e de Cidadania. Depois seguir\u00e1 para o Plen\u00e1rio. Para virar lei, precisa ser aprovada pela C\u00e2mara e pelo Senado.<\/p>\n<p style=\"font-size: 0.8rem; font-weight: 700;\">Reportagem \u2013 Tiago Miranda<br \/>Edi\u00e7\u00e3o \u2013 Roberto Seabra<\/p>\n<\/p><\/div>\n<p><\/a><\/p>\n<p>Fonte: www.camara.leg.br<\/p>\n","protected":false},"excerpt":{"rendered":"<p>13\/02\/2026 &#8211; 15:48 \u00a0 Renato Ara\u00fajo\/C\u00e2mara dos Deputados Ely Santos: penas brandas transmitem a sensa\u00e7\u00e3o de impunidade O Projeto de Lei 4916\/25, da deputada Ely Santos (Republicanos-SP), aumenta as penas para crimes contra a vida e a dignidade sexual. O texto, que altera o C\u00f3digo Penal (Decreto-Lei 2.848\/40), est\u00e1 em an\u00e1lise na C\u00e2mara dos Deputados. [&hellip;]<\/p>\n","protected":false},"author":3,"featured_media":7371,"comment_status":"open","ping_status":"open","sticky":false,"template":"","format":"standard","meta":{"advanced_seo_description":"","jetpack_seo_html_title":"","jetpack_seo_noindex":false,"fifu_image_url":"https:\/\/www.camara.leg.br\/midias\/image\/2026\/02\/img20250917162914349-1-768x473.jpg","fifu_image_alt":"","_jetpack_memberships_contains_paid_content":false,"footnotes":"","jetpack_publicize_message":"","jetpack_publicize_feature_enabled":true,"jetpack_social_post_already_shared":true,"jetpack_social_options":{"image_generator_settings":{"template":"highway","default_image_id":0,"font":"","enabled":false},"version":2}},"categories":[106,1],"tags":[],"class_list":{"0":"post-7370","1":"post","2":"type-post","3":"status-publish","4":"format-standard","5":"has-post-thumbnail","7":"category-politica","8":"category-uncategorized"},"jetpack_publicize_connections":[],"jetpack_featured_media_url":"https:\/\/i0.wp.com\/www.camara.leg.br\/midias\/image\/2026\/02\/img20250917162914349-1-768x473.jpg?fit=%2C&ssl=1","jetpack_sharing_enabled":true,"jetpack-related-posts":[],"_links":{"self":[{"href":"https:\/\/friburgonoticias.com.br\/temp\/wp-json\/wp\/v2\/posts\/7370","targetHints":{"allow":["GET"]}}],"collection":[{"href":"https:\/\/friburgonoticias.com.br\/temp\/wp-json\/wp\/v2\/posts"}],"about":[{"href":"https:\/\/friburgonoticias.com.br\/temp\/wp-json\/wp\/v2\/types\/post"}],"author":[{"embeddable":true,"href":"https:\/\/friburgonoticias.com.br\/temp\/wp-json\/wp\/v2\/users\/3"}],"replies":[{"embeddable":true,"href":"https:\/\/friburgonoticias.com.br\/temp\/wp-json\/wp\/v2\/comments?post=7370"}],"version-history":[{"count":0,"href":"https:\/\/friburgonoticias.com.br\/temp\/wp-json\/wp\/v2\/posts\/7370\/revisions"}],"wp:featuredmedia":[{"embeddable":true,"href":"https:\/\/friburgonoticias.com.br\/temp\/wp-json\/wp\/v2\/media\/7371"}],"wp:attachment":[{"href":"https:\/\/friburgonoticias.com.br\/temp\/wp-json\/wp\/v2\/media?parent=7370"}],"wp:term":[{"taxonomy":"category","embeddable":true,"href":"https:\/\/friburgonoticias.com.br\/temp\/wp-json\/wp\/v2\/categories?post=7370"},{"taxonomy":"post_tag","embeddable":true,"href":"https:\/\/friburgonoticias.com.br\/temp\/wp-json\/wp\/v2\/tags?post=7370"}],"curies":[{"name":"wp","href":"https:\/\/api.w.org\/{rel}","templated":true}]}}