{"id":7428,"date":"2026-02-19T17:17:57","date_gmt":"2026-02-19T17:17:57","guid":{"rendered":"https:\/\/friburgonoticias.com.br\/temp\/2026\/02\/19\/lula-apoiou-integralmente-essa-alianca-afirma-paes-sobre-chapa-com-a-familia-reis-aliada-historica-de-bolsonaro\/"},"modified":"2026-02-19T17:17:57","modified_gmt":"2026-02-19T17:17:57","slug":"lula-apoiou-integralmente-essa-alianca-afirma-paes-sobre-chapa-com-a-familia-reis-aliada-historica-de-bolsonaro","status":"publish","type":"post","link":"https:\/\/friburgonoticias.com.br\/temp\/2026\/02\/19\/lula-apoiou-integralmente-essa-alianca-afirma-paes-sobre-chapa-com-a-familia-reis-aliada-historica-de-bolsonaro\/","title":{"rendered":"&#8216;Lula apoiou integralmente essa alian\u00e7a&#8217; afirma Paes sobre chapa com a fam\u00edlia Reis, aliada hist\u00f3rica de Bolsonaro"},"content":{"rendered":"<p><\/p>\n<div itemprop=\"articleBody\">\nA alian\u00e7a entre o prefeito Eduardo Paes (PSD) e o grupo pol\u00edtico da fam\u00edlia Reis trouxe \u00e0 tona uma pergunta inevit\u00e1vel: como dividir o mesmo palanque na disputa pelo governo do Rio tendo posicionamentos diferentes na elei\u00e7\u00e3o presidencial?<\/p>\n<p><a href=\"https:\/\/temporealrj.com\/jane-reis-vice-eduardo-paes-governo-rj\/\">A nova vice da chapa, Jane Reis<\/a>, \u00e9 irm\u00e3 do ex-prefeito de Duque de Caxias Washington Reis, aliado hist\u00f3rico do ex-presidente Jair Bolsonaro. Questionado sobre o contraste, Paes tratou de estabelecer os limites da alian\u00e7a.<\/p>\n<p>E ele foi direto ao ponto: reafirmou que seu apoio ao presidente Lula (PT) est\u00e1 mantido e que o petista foi informado previamente sobre a alian\u00e7a.<\/p>\n<p>\u201cComuniquei ao presidente Lula, no domingo, quando estive com ele na inaugura\u00e7\u00e3o do hospital em Jacarepagu\u00e1, que tinha feito uma alian\u00e7a com o prefeito Washington Reis e que a Jane seria minha vice. O presidente Lula apoiou integralmente essa alian\u00e7a\u201d, afirmou.<\/p>\n<p>Em seguida, desenhou a linha que pretende sustentar durante a campanha: \u201cO que nos une aqui \u00e9 o Rio de Janeiro. Se eventualmente houver opini\u00e3o diferente sobre presidente da Rep\u00fablica, isso \u00e9 para outro dia\u201d.<\/p>\n<h2 class=\"wp-block-heading\">\u2018O MDB respeita as decis\u00f5es dos estados\u2019, diz Baleia Rossi ao defender autonomia da alian\u00e7a no Rio<\/h2>\n<p>Coube ao presidente nacional do MDB, Baleia Rossi, refor\u00e7ar o car\u00e1ter institucional do acordo. Ele afirmou que o partido \u00e9 \u201cverdadeiramente democr\u00e1tico\u201d, e que \u201ca uni\u00e3o promovida tem muito valor para n\u00f3s\u201d.\n<\/p><\/div>\n<p><\/a><\/p>\n<p>Fonte: temporealrj.com<\/p>\n","protected":false},"excerpt":{"rendered":"<p>A alian\u00e7a entre o prefeito Eduardo Paes (PSD) e o grupo pol\u00edtico da fam\u00edlia Reis trouxe \u00e0 tona uma pergunta inevit\u00e1vel: como dividir o mesmo palanque na disputa pelo governo do Rio tendo posicionamentos diferentes na elei\u00e7\u00e3o presidencial? A nova vice da chapa, Jane Reis, \u00e9 irm\u00e3 do ex-prefeito de Duque de Caxias Washington Reis, [&hellip;]<\/p>\n","protected":false},"author":3,"featured_media":7429,"comment_status":"open","ping_status":"open","sticky":false,"template":"","format":"standard","meta":{"advanced_seo_description":"","jetpack_seo_html_title":"","jetpack_seo_noindex":false,"fifu_image_url":"https:\/\/temporealrj.com\/wp-content\/uploads\/2025\/02\/lulapaes.png","fifu_image_alt":"","_jetpack_memberships_contains_paid_content":false,"footnotes":"","jetpack_publicize_message":"","jetpack_publicize_feature_enabled":true,"jetpack_social_post_already_shared":true,"jetpack_social_options":{"image_generator_settings":{"template":"highway","default_image_id":0,"font":"","enabled":false},"version":2}},"categories":[107],"tags":[],"class_list":{"0":"post-7428","1":"post","2":"type-post","3":"status-publish","4":"format-standard","5":"has-post-thumbnail","7":"category-economia"},"jetpack_publicize_connections":[],"jetpack_featured_media_url":"https:\/\/i0.wp.com\/temporealrj.com\/wp-content\/uploads\/2025\/02\/lulapaes.png?fit=%2C&ssl=1","jetpack_sharing_enabled":true,"jetpack-related-posts":[],"_links":{"self":[{"href":"https:\/\/friburgonoticias.com.br\/temp\/wp-json\/wp\/v2\/posts\/7428","targetHints":{"allow":["GET"]}}],"collection":[{"href":"https:\/\/friburgonoticias.com.br\/temp\/wp-json\/wp\/v2\/posts"}],"about":[{"href":"https:\/\/friburgonoticias.com.br\/temp\/wp-json\/wp\/v2\/types\/post"}],"author":[{"embeddable":true,"href":"https:\/\/friburgonoticias.com.br\/temp\/wp-json\/wp\/v2\/users\/3"}],"replies":[{"embeddable":true,"href":"https:\/\/friburgonoticias.com.br\/temp\/wp-json\/wp\/v2\/comments?post=7428"}],"version-history":[{"count":0,"href":"https:\/\/friburgonoticias.com.br\/temp\/wp-json\/wp\/v2\/posts\/7428\/revisions"}],"wp:featuredmedia":[{"embeddable":true,"href":"https:\/\/friburgonoticias.com.br\/temp\/wp-json\/wp\/v2\/media\/7429"}],"wp:attachment":[{"href":"https:\/\/friburgonoticias.com.br\/temp\/wp-json\/wp\/v2\/media?parent=7428"}],"wp:term":[{"taxonomy":"category","embeddable":true,"href":"https:\/\/friburgonoticias.com.br\/temp\/wp-json\/wp\/v2\/categories?post=7428"},{"taxonomy":"post_tag","embeddable":true,"href":"https:\/\/friburgonoticias.com.br\/temp\/wp-json\/wp\/v2\/tags?post=7428"}],"curies":[{"name":"wp","href":"https:\/\/api.w.org\/{rel}","templated":true}]}}