{"id":7438,"date":"2026-02-19T19:13:25","date_gmt":"2026-02-19T19:13:25","guid":{"rendered":"https:\/\/friburgonoticias.com.br\/temp\/2026\/02\/19\/vereadores-do-pl-vao-a-justica-eleitoral-para-tentar-barrar-candidatura-de-paes-por-aparecer-com-lula-na-sapucai\/"},"modified":"2026-02-19T19:13:25","modified_gmt":"2026-02-19T19:13:25","slug":"vereadores-do-pl-vao-a-justica-eleitoral-para-tentar-barrar-candidatura-de-paes-por-aparecer-com-lula-na-sapucai","status":"publish","type":"post","link":"https:\/\/friburgonoticias.com.br\/temp\/2026\/02\/19\/vereadores-do-pl-vao-a-justica-eleitoral-para-tentar-barrar-candidatura-de-paes-por-aparecer-com-lula-na-sapucai\/","title":{"rendered":"Vereadores do PL v\u00e3o \u00e0 Justi\u00e7a Eleitoral para tentar barrar candidatura de Paes por aparecer com Lula na Sapuca\u00ed"},"content":{"rendered":"<p><\/p>\n<div itemprop=\"articleBody\">\nA bancada do PL na <a href=\"https:\/\/www.camara.rio\/\" target=\"_blank\" rel=\"noopener\">C\u00e2mara do Rio<\/a>, representada pela <a href=\"https:\/\/temporealrj.com\/camara-do-rio-encerra-2025-com-casa-cheia-e-posse-da-novata-alana-passos-pl\/\">novata Alana Passos<\/a>, iniciou a primeira sess\u00e3o do ano, nesta quinta-feira (19), anunciando que vai levar \u00e0 Justi\u00e7a Eleitoral um pedido de impugna\u00e7\u00e3o do registro de<a href=\"https:\/\/temporealrj.com\/jane-reis-advogada-evangelica-e-integrante-da-familia-de-politicos-mais-influente-de-caxias-sera-a-vice-de-eduardo-paes\/\"> candidatura do prefeito Eduardo Paes (PSD) ao governo do estado<\/a>.<\/p>\n<p>Segundo Alana, a den\u00fancia se deve \u00e0 <a href=\"https:\/\/temporealrj.com\/ao-lado-de-paes-lula-e-alto-escalao-do-planalto-acompanham-a-primeira-noite-de-desfiles-do-grupo-especial\/\">apari\u00e7\u00e3o de Paes ao lado do presidente Lula (PT) na Marqu\u00eas de Sapuca\u00ed, durante o desfile da Acad\u00eamicos de Niter\u00f3i<\/a>. A escola levou \u00e0 avenida um enredo em homenagem ao chefe do Planalto, gesto visto pelos opositores como propaganda eleitoral antecipada.<\/p>\n<h2 class=\"wp-block-heading\">\u2018Acenou e cumprimentou as pessoas\u2019<\/h2>\n<p>\u201cTodo mundo sabe que ele [Paes] \u00e9 soldado do Lula. Todo mundo sabe que ele desceu para acompanhar o presidente no desfile, acenou e cumprimentou as pessoas. At\u00e9 a\u00ed tudo bem, se fosse algo institucional como prefeito. Mas, h\u00e1 pouco tempo, ele anunciou que \u00e9 pr\u00e9-candidato ao governo do estado e tamb\u00e9m j\u00e1 disse que vai renunciar ao cargo\u201d, afirmou a vereadora do PL.<\/p>\n<p>Al\u00e9m dela, integram a bancada o l\u00edder Rog\u00e9rio Amorim, Diego Faro, Gigi Castilho, Fernando Armelau, Paulo Messina, Poubel e Rafael Sati\u00ea.\n<\/p><\/div>\n<p><\/a><\/p>\n<p>Fonte: temporealrj.com<\/p>\n","protected":false},"excerpt":{"rendered":"<p>A bancada do PL na C\u00e2mara do Rio, representada pela novata Alana Passos, iniciou a primeira sess\u00e3o do ano, nesta quinta-feira (19), anunciando que vai levar \u00e0 Justi\u00e7a Eleitoral um pedido de impugna\u00e7\u00e3o do registro de candidatura do prefeito Eduardo Paes (PSD) ao governo do estado. Segundo Alana, a den\u00fancia se deve \u00e0 apari\u00e7\u00e3o de [&hellip;]<\/p>\n","protected":false},"author":3,"featured_media":7439,"comment_status":"open","ping_status":"open","sticky":false,"template":"","format":"standard","meta":{"advanced_seo_description":"","jetpack_seo_html_title":"","jetpack_seo_noindex":false,"fifu_image_url":"https:\/\/temporealrj.com\/wp-content\/uploads\/2026\/02\/Captura-de-tela-2026-02-19-154302-e1771526623687.png","fifu_image_alt":"","_jetpack_memberships_contains_paid_content":false,"footnotes":"","jetpack_publicize_message":"","jetpack_publicize_feature_enabled":true,"jetpack_social_post_already_shared":true,"jetpack_social_options":{"image_generator_settings":{"template":"highway","default_image_id":0,"font":"","enabled":false},"version":2}},"categories":[107],"tags":[],"class_list":{"0":"post-7438","1":"post","2":"type-post","3":"status-publish","4":"format-standard","5":"has-post-thumbnail","7":"category-economia"},"jetpack_publicize_connections":[],"jetpack_featured_media_url":"https:\/\/i0.wp.com\/temporealrj.com\/wp-content\/uploads\/2026\/02\/Captura-de-tela-2026-02-19-154302-e1771526623687.png?fit=%2C&ssl=1","jetpack_sharing_enabled":true,"jetpack-related-posts":[],"_links":{"self":[{"href":"https:\/\/friburgonoticias.com.br\/temp\/wp-json\/wp\/v2\/posts\/7438","targetHints":{"allow":["GET"]}}],"collection":[{"href":"https:\/\/friburgonoticias.com.br\/temp\/wp-json\/wp\/v2\/posts"}],"about":[{"href":"https:\/\/friburgonoticias.com.br\/temp\/wp-json\/wp\/v2\/types\/post"}],"author":[{"embeddable":true,"href":"https:\/\/friburgonoticias.com.br\/temp\/wp-json\/wp\/v2\/users\/3"}],"replies":[{"embeddable":true,"href":"https:\/\/friburgonoticias.com.br\/temp\/wp-json\/wp\/v2\/comments?post=7438"}],"version-history":[{"count":0,"href":"https:\/\/friburgonoticias.com.br\/temp\/wp-json\/wp\/v2\/posts\/7438\/revisions"}],"wp:featuredmedia":[{"embeddable":true,"href":"https:\/\/friburgonoticias.com.br\/temp\/wp-json\/wp\/v2\/media\/7439"}],"wp:attachment":[{"href":"https:\/\/friburgonoticias.com.br\/temp\/wp-json\/wp\/v2\/media?parent=7438"}],"wp:term":[{"taxonomy":"category","embeddable":true,"href":"https:\/\/friburgonoticias.com.br\/temp\/wp-json\/wp\/v2\/categories?post=7438"},{"taxonomy":"post_tag","embeddable":true,"href":"https:\/\/friburgonoticias.com.br\/temp\/wp-json\/wp\/v2\/tags?post=7438"}],"curies":[{"name":"wp","href":"https:\/\/api.w.org\/{rel}","templated":true}]}}