{"id":7468,"date":"2026-02-20T17:28:15","date_gmt":"2026-02-20T17:28:15","guid":{"rendered":"https:\/\/friburgonoticias.com.br\/temp\/2026\/02\/20\/depois-de-emplacar-a-irma-na-chapa-de-paes-washington-reis-se-reune-com-rodrigo-neves-em-niteroi\/"},"modified":"2026-02-20T17:28:15","modified_gmt":"2026-02-20T17:28:15","slug":"depois-de-emplacar-a-irma-na-chapa-de-paes-washington-reis-se-reune-com-rodrigo-neves-em-niteroi","status":"publish","type":"post","link":"https:\/\/friburgonoticias.com.br\/temp\/2026\/02\/20\/depois-de-emplacar-a-irma-na-chapa-de-paes-washington-reis-se-reune-com-rodrigo-neves-em-niteroi\/","title":{"rendered":"Depois de emplacar a irm\u00e3 na chapa de Paes, Washington Reis se re\u00fane com Rodrigo Neves em Niter\u00f3i"},"content":{"rendered":"<p><\/p>\n<div itemprop=\"articleBody\">\n<a href=\"https:\/\/temporealrj.com\/mdb-deve-indicar-vice-paes\/\">Presidente estadual do MDB no Rio, Washington Reis <\/a>atravessou a ponte nesta sexta-feira (20) para uma reuni\u00e3o no gabinete do prefeito de Niter\u00f3i, Rodrigo Neves (PDT). O encontro ocorreu um dia ap\u00f3s o ex-prefeito de Duque de Caxias lan\u00e7ar sua irm\u00e3, a advogada Jane Reis, como<a href=\"https:\/\/temporealrj.com\/jane-reis-advogada-evangelica-e-integrante-da-familia-de-politicos-mais-influente-de-caxias-sera-a-vice-de-eduardo-paes\/\"> vice na chapa do prefeito Eduardo Paes (PSD) ao governo do estado<\/a>.<\/p>\n<p>Neves esteve na cerim\u00f4nia que coroou a alian\u00e7a entre MDB, PSD, PDT e PT na corrida pelo Pal\u00e1cio Guanabara. Nas redes sociais, o mandachuva de Niter\u00f3i relembrou a parceria com Reis, quando ele foi secret\u00e1rio estadual de Transportes no governo Cl\u00e1udio Castro (PL).<\/p>\n<h2 class=\"wp-block-heading\">\u2018Di\u00e1logo positivo e necess\u00e1rio\u2019<\/h2>\n<p>\u201cConversamos sobre a pol\u00edtica fluminense e nacional. Quando Washington foi secret\u00e1rio de Transportes, firmamos o conv\u00eanio hist\u00f3rico que reduziu a tarifa do catamar\u00e3 de Charitas de R$ 21 para R$ 7,70, al\u00e9m da redu\u00e7\u00e3o das tarifas das barcas e do avan\u00e7o do projeto da Linha 3 do metr\u00f4. Di\u00e1logo positivo e necess\u00e1rio\u201d, pontuou.<\/p>\n<p>Cabe destacar que o <a href=\"https:\/\/temporealrj.com\/paes-e-rodrigo-neves-vao-ao-campo-adversario-no-paraguai-para-defender-a-candidatura-rio-niteroi-ao-pan-2031\/\">prefeito da Cidade Sorriso j\u00e1 mant\u00e9m uma alian\u00e7a de longa data com Paes<\/a>. Nos movimentos mais recentes, os dois se apoiaram durante as elei\u00e7\u00f5es de 2024 e comandaram juntos a campanha Rio\u2013Niter\u00f3i para sediar os Jogos Pan-Americanos de 2031.\n<\/div>\n<p><\/a><\/p>\n<p>Fonte: temporealrj.com<\/p>\n","protected":false},"excerpt":{"rendered":"<p>Presidente estadual do MDB no Rio, Washington Reis atravessou a ponte nesta sexta-feira (20) para uma reuni\u00e3o no gabinete do prefeito de Niter\u00f3i, Rodrigo Neves (PDT). O encontro ocorreu um dia ap\u00f3s o ex-prefeito de Duque de Caxias lan\u00e7ar sua irm\u00e3, a advogada Jane Reis, como vice na chapa do prefeito Eduardo Paes (PSD) ao [&hellip;]<\/p>\n","protected":false},"author":3,"featured_media":7469,"comment_status":"open","ping_status":"open","sticky":false,"template":"","format":"standard","meta":{"advanced_seo_description":"","jetpack_seo_html_title":"","jetpack_seo_noindex":false,"fifu_image_url":"https:\/\/temporealrj.com\/wp-content\/uploads\/2026\/02\/Captura-de-tela-2026-02-20-134845-e1771607487376.png","fifu_image_alt":"","_jetpack_memberships_contains_paid_content":false,"footnotes":"","jetpack_publicize_message":"","jetpack_publicize_feature_enabled":true,"jetpack_social_post_already_shared":true,"jetpack_social_options":{"image_generator_settings":{"template":"highway","default_image_id":0,"font":"","enabled":false},"version":2}},"categories":[106,1],"tags":[],"class_list":{"0":"post-7468","1":"post","2":"type-post","3":"status-publish","4":"format-standard","5":"has-post-thumbnail","7":"category-politica","8":"category-uncategorized"},"jetpack_publicize_connections":[],"jetpack_featured_media_url":"https:\/\/i0.wp.com\/temporealrj.com\/wp-content\/uploads\/2026\/02\/Captura-de-tela-2026-02-20-134845-e1771607487376.png?fit=%2C&ssl=1","jetpack_sharing_enabled":true,"jetpack-related-posts":[],"_links":{"self":[{"href":"https:\/\/friburgonoticias.com.br\/temp\/wp-json\/wp\/v2\/posts\/7468","targetHints":{"allow":["GET"]}}],"collection":[{"href":"https:\/\/friburgonoticias.com.br\/temp\/wp-json\/wp\/v2\/posts"}],"about":[{"href":"https:\/\/friburgonoticias.com.br\/temp\/wp-json\/wp\/v2\/types\/post"}],"author":[{"embeddable":true,"href":"https:\/\/friburgonoticias.com.br\/temp\/wp-json\/wp\/v2\/users\/3"}],"replies":[{"embeddable":true,"href":"https:\/\/friburgonoticias.com.br\/temp\/wp-json\/wp\/v2\/comments?post=7468"}],"version-history":[{"count":0,"href":"https:\/\/friburgonoticias.com.br\/temp\/wp-json\/wp\/v2\/posts\/7468\/revisions"}],"wp:featuredmedia":[{"embeddable":true,"href":"https:\/\/friburgonoticias.com.br\/temp\/wp-json\/wp\/v2\/media\/7469"}],"wp:attachment":[{"href":"https:\/\/friburgonoticias.com.br\/temp\/wp-json\/wp\/v2\/media?parent=7468"}],"wp:term":[{"taxonomy":"category","embeddable":true,"href":"https:\/\/friburgonoticias.com.br\/temp\/wp-json\/wp\/v2\/categories?post=7468"},{"taxonomy":"post_tag","embeddable":true,"href":"https:\/\/friburgonoticias.com.br\/temp\/wp-json\/wp\/v2\/tags?post=7468"}],"curies":[{"name":"wp","href":"https:\/\/api.w.org\/{rel}","templated":true}]}}