{"id":7476,"date":"2026-02-20T20:44:56","date_gmt":"2026-02-20T20:44:56","guid":{"rendered":"https:\/\/friburgonoticias.com.br\/temp\/2026\/02\/20\/deputado-yuri-moura-psol-sera-julgado-nesta-segunda-23-em-acao-movida-por-claudio-castro\/"},"modified":"2026-02-20T20:44:56","modified_gmt":"2026-02-20T20:44:56","slug":"deputado-yuri-moura-psol-sera-julgado-nesta-segunda-23-em-acao-movida-por-claudio-castro","status":"publish","type":"post","link":"https:\/\/friburgonoticias.com.br\/temp\/2026\/02\/20\/deputado-yuri-moura-psol-sera-julgado-nesta-segunda-23-em-acao-movida-por-claudio-castro\/","title":{"rendered":"Deputado Yuri Moura (PSOL) ser\u00e1 julgado nesta segunda (23) em a\u00e7\u00e3o movida por Cl\u00e1udio Castro"},"content":{"rendered":"<p><\/p>\n<div itemprop=\"articleBody\">\nO deputado Yuri Moura (PSOL) ser\u00e1 julgado na pr\u00f3xima segunda-feira (23) pelo Tribunal de Justi\u00e7a do Rio de Janeiro em a\u00e7\u00e3o criminal movida por Cl\u00e1udio Castro (PL). O processo foi aberto depois da divulga\u00e7\u00e3o de um v\u00eddeo gravado em Petr\u00f3polis, em 2023, no qual Yuri fez ataques diretos ao governador enquanto comentava as obras de conten\u00e7\u00e3o na Rua Nova, realizadas ap\u00f3s a trag\u00e9dia das chuvas de 2022.<\/p>\n<p>Na grava\u00e7\u00e3o, o deputado afirmou: \u201ceu sabia que o governador era corrupto e tamb\u00e9m caloteiro, porque n\u00e3o paga aluguel social e n\u00e3o paga a Gratifica\u00e7\u00e3o de Risco dos policiais e bombeiros. Mas eu n\u00e3o sabia que ele era porco tamb\u00e9m. Isso aqui \u00e9 uma verdadeira porcaria\u201d.<\/p>\n<p>A queixa-crime sustenta que o parlamentar extrapolou o direito \u00e0 cr\u00edtica pol\u00edtica ao imputar crimes e proferir ofensas pessoais contra Castro. O \u00f3rg\u00e3o especial do TJ aceitou a den\u00fancia, e Yuri se tornou r\u00e9u.<\/p>\n<p><a href=\"https:\/\/temporealrj.com\/deputado-yuri-moura-psol-sera-julgado-nesta-segunda-26-em-processo-criminal-movido-pelo-governador-claudio-castro\/\">O caso chegou a ser retirado de pauta no m\u00eas passado<\/a>, ap\u00f3s mobiliza\u00e7\u00e3o de aliados do deputado. Um manifesto em defesa de Yuri circula nas redes sociais com cr\u00edticas ao que apoiadores classificam como \u201ctentativa de intimida\u00e7\u00e3o da atividade parlamentar\u201d.<\/p>\n<p>Em declara\u00e7\u00f5es p\u00fablicas, Yuri afirma que as falas ocorreram no contexto de fiscaliza\u00e7\u00e3o de obras e nega ter cometido crime. O governo estadual n\u00e3o comenta processos em andamento.<\/p>\n<h2 class=\"wp-block-heading\">Obra de mais de R$ 80 milh\u00f5es est\u00e1 no centro da a\u00e7\u00e3o<\/h2>\n<p>A controv\u00e9rsia envolve um contrato emergencial firmado pelo Estado, em maio de 2022, para obras de conten\u00e7\u00e3o no Complexo da Rua Teresa, incluindo a Rua Nova. O valor inicial superou R$ 80 milh\u00f5es.<\/p>\n<p>Depois da conclus\u00e3o das interven\u00e7\u00f5es, moradores relataram problemas estruturais, como corros\u00e3o de estruturas e eros\u00e3o da encosta. O caso tamb\u00e9m \u00e9 alvo de a\u00e7\u00e3o civil p\u00fablica do Minist\u00e9rio P\u00fablico, que aponta falhas de drenagem e inconclus\u00e3o de servi\u00e7os.<\/p>\n<p>Segundo Yuri, a a\u00e7\u00e3o judicial faz parte de uma persegui\u00e7\u00e3o pol\u00edtica: \u201csou o \u00fanico deputado processado pelo governador, n\u00e3o atoa, mas por fazer oposi\u00e7\u00e3o e denunciar absurdos! Nossa revolta \u00e9 com as obras mal feitas ap\u00f3s trag\u00e9dias em minha cidade. Obras milion\u00e1rias, emergenciais, que ainda deixam a popula\u00e7\u00e3o em risco. As chuvas est\u00e3o a\u00ed e o governador, ao inv\u00e9s de consertar a obra, processou quem a fiscalizou por pedido das fam\u00edlias v\u00edtimas!\u201d, disse.\n<\/p><\/div>\n<p><\/a><\/p>\n<p>Fonte: temporealrj.com<\/p>\n","protected":false},"excerpt":{"rendered":"<p>O deputado Yuri Moura (PSOL) ser\u00e1 julgado na pr\u00f3xima segunda-feira (23) pelo Tribunal de Justi\u00e7a do Rio de Janeiro em a\u00e7\u00e3o criminal movida por Cl\u00e1udio Castro (PL). O processo foi aberto depois da divulga\u00e7\u00e3o de um v\u00eddeo gravado em Petr\u00f3polis, em 2023, no qual Yuri fez ataques diretos ao governador enquanto comentava as obras de [&hellip;]<\/p>\n","protected":false},"author":3,"featured_media":7477,"comment_status":"open","ping_status":"open","sticky":false,"template":"","format":"standard","meta":{"advanced_seo_description":"","jetpack_seo_html_title":"","jetpack_seo_noindex":false,"fifu_image_url":"https:\/\/temporealrj.com\/wp-content\/uploads\/2026\/02\/WhatsApp-Image-2025-08-21-at-15.47.06-e1771618865342.webp","fifu_image_alt":"","_jetpack_memberships_contains_paid_content":false,"footnotes":"","jetpack_publicize_message":"","jetpack_publicize_feature_enabled":true,"jetpack_social_post_already_shared":true,"jetpack_social_options":{"image_generator_settings":{"template":"highway","default_image_id":0,"font":"","enabled":false},"version":2}},"categories":[106,1],"tags":[],"class_list":{"0":"post-7476","1":"post","2":"type-post","3":"status-publish","4":"format-standard","5":"has-post-thumbnail","7":"category-politica","8":"category-uncategorized"},"jetpack_publicize_connections":[],"jetpack_featured_media_url":"https:\/\/i0.wp.com\/temporealrj.com\/wp-content\/uploads\/2026\/02\/WhatsApp-Image-2025-08-21-at-15.47.06-e1771618865342.webp?fit=%2C&ssl=1","jetpack_sharing_enabled":true,"jetpack-related-posts":[],"_links":{"self":[{"href":"https:\/\/friburgonoticias.com.br\/temp\/wp-json\/wp\/v2\/posts\/7476","targetHints":{"allow":["GET"]}}],"collection":[{"href":"https:\/\/friburgonoticias.com.br\/temp\/wp-json\/wp\/v2\/posts"}],"about":[{"href":"https:\/\/friburgonoticias.com.br\/temp\/wp-json\/wp\/v2\/types\/post"}],"author":[{"embeddable":true,"href":"https:\/\/friburgonoticias.com.br\/temp\/wp-json\/wp\/v2\/users\/3"}],"replies":[{"embeddable":true,"href":"https:\/\/friburgonoticias.com.br\/temp\/wp-json\/wp\/v2\/comments?post=7476"}],"version-history":[{"count":0,"href":"https:\/\/friburgonoticias.com.br\/temp\/wp-json\/wp\/v2\/posts\/7476\/revisions"}],"wp:featuredmedia":[{"embeddable":true,"href":"https:\/\/friburgonoticias.com.br\/temp\/wp-json\/wp\/v2\/media\/7477"}],"wp:attachment":[{"href":"https:\/\/friburgonoticias.com.br\/temp\/wp-json\/wp\/v2\/media?parent=7476"}],"wp:term":[{"taxonomy":"category","embeddable":true,"href":"https:\/\/friburgonoticias.com.br\/temp\/wp-json\/wp\/v2\/categories?post=7476"},{"taxonomy":"post_tag","embeddable":true,"href":"https:\/\/friburgonoticias.com.br\/temp\/wp-json\/wp\/v2\/tags?post=7476"}],"curies":[{"name":"wp","href":"https:\/\/api.w.org\/{rel}","templated":true}]}}