{"id":7510,"date":"2026-02-23T17:59:31","date_gmt":"2026-02-23T17:59:31","guid":{"rendered":"https:\/\/friburgonoticias.com.br\/temp\/2026\/02\/23\/apos-treta-com-soranz-medicos-e-enfermeiros-da-atencao-primaria-no-rio-entram-em-paralisacao-de-72-horas\/"},"modified":"2026-02-23T17:59:31","modified_gmt":"2026-02-23T17:59:31","slug":"apos-treta-com-soranz-medicos-e-enfermeiros-da-atencao-primaria-no-rio-entram-em-paralisacao-de-72-horas","status":"publish","type":"post","link":"https:\/\/friburgonoticias.com.br\/temp\/2026\/02\/23\/apos-treta-com-soranz-medicos-e-enfermeiros-da-atencao-primaria-no-rio-entram-em-paralisacao-de-72-horas\/","title":{"rendered":"Ap\u00f3s \u2018treta\u2019 com Soranz, m\u00e9dicos e enfermeiros da Aten\u00e7\u00e3o Prim\u00e1ria no Rio entram em paralisa\u00e7\u00e3o de 72 horas"},"content":{"rendered":"<p><\/p>\n<div itemprop=\"articleBody\">\nCome\u00e7ou nesta segunda-feira (23) a paralisa\u00e7\u00e3o de 72 horas dos <a href=\"https:\/\/temporealrj.com\/medicos-e-enfermeiros-da-atencao-primaria-a-saude-do-rio-cobram-medidas-e-reajuste-em-paralisacao-conjunta\/\">m\u00e9dicos e enfermeiros da Aten\u00e7\u00e3o Prim\u00e1ria \u00e0 Sa\u00fade (APS) do Rio<\/a>. A greve parcial acontece alguns dias ap\u00f3s uma \u201ctreta\u201d entre a categoria e o secret\u00e1rio de sa\u00fade do munic\u00edpio, <a href=\"https:\/\/temporealrj.com\/chamado-de-mentiroso-pelo-secretario-de-seguranca-soranz-comunica-oficialmente-ocupacao-de-estacionamento-de-hospital-por-milicianos\/\">Daniel Soranz<\/a>, que chamou os manifestantes da Aten\u00e7\u00e3o Prim\u00e1ria de \u201cmeia d\u00fazia de idiotas sem empatia\u201d em postagem nas redes.<\/p>\n<p>A paralisa\u00e7\u00e3o \u00e9 parcial: 30% dos profissionais continuam atendendo nas cl\u00ednicas da fam\u00edlia, enquanto 70% estar\u00e3o mobilizados em a\u00e7\u00f5es de protesto fora das unidades.<\/p>\n<p>As reivindica\u00e7\u00f5es da nova paralisa\u00e7\u00e3o s\u00e3o as mesmas da manifesta\u00e7\u00e3o criticada por Soranz. Os profissionais cobram recomposi\u00e7\u00e3o salarial e o pagamento de gratifica\u00e7\u00f5es de desempenho atrasadas. Al\u00e9m disso, os manifestantes tamb\u00e9m denunciam o desabastecimento de rem\u00e9dios e a precariza\u00e7\u00e3o das unidades de Aten\u00e7\u00e3o Prim\u00e1ria do munic\u00edpio.<\/p>\n<h2 class=\"wp-block-heading\">Profissionais da Aten\u00e7\u00e3o Prim\u00e1ria e prefeitura participam de audi\u00eancia de media\u00e7\u00e3o nesta ter\u00e7a (24)<\/h2>\n<p>Nesta ter\u00e7a (24), as demandas da categoria ser\u00e3o tema de uma audi\u00eancia de media\u00e7\u00e3o organizada pelo Tribunal Regional do Trabalho (TRT-RJ) com representantes da Aten\u00e7\u00e3o Prim\u00e1ria, da Secretaria Municipal de Sa\u00fade (SMS) e das organiza\u00e7\u00f5es sociais que administram as unidades. Antes da sess\u00e3o, enfermeiro e m\u00e9dicos realizam um ato unificado em frente ao TRT-RJ, no Centro.<\/p>\n<p>A \u00faltima audi\u00eancia terminou sem acordo. Segundo os sindicatos das categorias \u2014 Sinmed-RJ e SindEnf-RJ \u2014 a prefeitura n\u00e3o acolheu as pautas da categoria e recuou nos compromissos<\/p>\n<p>de pagamento firmados no ano passado. A rela\u00e7\u00e3o entre as duas partes ficou ainda mais estremecida ap\u00f3s a postagem de Soranz, que usou as redes para criticar manifestantes que realizam ato em frente \u00e0 prefeitura no dia 10.<\/p>\n<p>\u201cUma meia d\u00fazia de idiotas, sem empatia alguma, que desconsideram a necessidade de cuidado do territ\u00f3rio ap\u00f3s uma chuva terr\u00edvel\u201d, escreveu Soranz.<\/p>\n<p>Na quarta-feira (25), \u00faltimo dia de paralisa\u00e7\u00e3o, os dois sindicatos realizam um nova assembleia da categoria para avaliar o que ficar decidido na audi\u00eancia de concilia\u00e7\u00e3o e decidir os pr\u00f3ximos passos.<\/p>\n<div class=\"wp-block-image\">\n<figure class=\"aligncenter size-large is-resized\"><img loading=\"lazy\" decoding=\"async\" width=\"1024\" height=\"549\" src=\"https:\/\/temporealrj.com\/wp-content\/uploads\/2026\/02\/Captura-de-tela-2026-02-23-144026-1024x549.png\" alt=\"Captura de tela 2026 02 23 144026\" class=\"wp-image-120192\" style=\"width:655px;height:auto\" title=\"Ap\u00f3s \u2018treta\u2019 com Soranz, m\u00e9dicos e enfermeiros da Aten\u00e7\u00e3o Prim\u00e1ria no Rio entram em paralisa\u00e7\u00e3o de 72 horas 62\" srcset=\"https:\/\/temporealrj.com\/wp-content\/uploads\/2026\/02\/Captura-de-tela-2026-02-23-144026-1024x549.png 1024w, https:\/\/temporealrj.com\/wp-content\/uploads\/2026\/02\/Captura-de-tela-2026-02-23-144026-300x161.png 300w, https:\/\/temporealrj.com\/wp-content\/uploads\/2026\/02\/Captura-de-tela-2026-02-23-144026-768x412.png 768w, https:\/\/temporealrj.com\/wp-content\/uploads\/2026\/02\/Captura-de-tela-2026-02-23-144026-860x461.png 860w, https:\/\/temporealrj.com\/wp-content\/uploads\/2026\/02\/Captura-de-tela-2026-02-23-144026.png 1532w\" sizes=\"auto, (max-width: 1024px) 100vw, 1024px\"\/><\/figure>\n<\/div>\n<\/div>\n<p><\/a><\/p>\n<p>Fonte: temporealrj.com<\/p>\n","protected":false},"excerpt":{"rendered":"<p>Come\u00e7ou nesta segunda-feira (23) a paralisa\u00e7\u00e3o de 72 horas dos m\u00e9dicos e enfermeiros da Aten\u00e7\u00e3o Prim\u00e1ria \u00e0 Sa\u00fade (APS) do Rio. A greve parcial acontece alguns dias ap\u00f3s uma \u201ctreta\u201d entre a categoria e o secret\u00e1rio de sa\u00fade do munic\u00edpio, Daniel Soranz, que chamou os manifestantes da Aten\u00e7\u00e3o Prim\u00e1ria de \u201cmeia d\u00fazia de idiotas sem [&hellip;]<\/p>\n","protected":false},"author":3,"featured_media":7511,"comment_status":"open","ping_status":"open","sticky":false,"template":"","format":"standard","meta":{"advanced_seo_description":"","jetpack_seo_html_title":"","jetpack_seo_noindex":false,"fifu_image_url":"https:\/\/temporealrj.com\/wp-content\/uploads\/2026\/02\/Captura-de-tela-2026-02-23-144854-e1771869055577.png","fifu_image_alt":"","_jetpack_memberships_contains_paid_content":false,"footnotes":"","jetpack_publicize_message":"","jetpack_publicize_feature_enabled":true,"jetpack_social_post_already_shared":true,"jetpack_social_options":{"image_generator_settings":{"template":"highway","default_image_id":0,"font":"","enabled":false},"version":2}},"categories":[106,1],"tags":[],"class_list":{"0":"post-7510","1":"post","2":"type-post","3":"status-publish","4":"format-standard","5":"has-post-thumbnail","7":"category-politica","8":"category-uncategorized"},"jetpack_publicize_connections":[],"jetpack_featured_media_url":"https:\/\/i0.wp.com\/temporealrj.com\/wp-content\/uploads\/2026\/02\/Captura-de-tela-2026-02-23-144854-e1771869055577.png?fit=%2C&ssl=1","jetpack_sharing_enabled":true,"jetpack-related-posts":[],"_links":{"self":[{"href":"https:\/\/friburgonoticias.com.br\/temp\/wp-json\/wp\/v2\/posts\/7510","targetHints":{"allow":["GET"]}}],"collection":[{"href":"https:\/\/friburgonoticias.com.br\/temp\/wp-json\/wp\/v2\/posts"}],"about":[{"href":"https:\/\/friburgonoticias.com.br\/temp\/wp-json\/wp\/v2\/types\/post"}],"author":[{"embeddable":true,"href":"https:\/\/friburgonoticias.com.br\/temp\/wp-json\/wp\/v2\/users\/3"}],"replies":[{"embeddable":true,"href":"https:\/\/friburgonoticias.com.br\/temp\/wp-json\/wp\/v2\/comments?post=7510"}],"version-history":[{"count":0,"href":"https:\/\/friburgonoticias.com.br\/temp\/wp-json\/wp\/v2\/posts\/7510\/revisions"}],"wp:featuredmedia":[{"embeddable":true,"href":"https:\/\/friburgonoticias.com.br\/temp\/wp-json\/wp\/v2\/media\/7511"}],"wp:attachment":[{"href":"https:\/\/friburgonoticias.com.br\/temp\/wp-json\/wp\/v2\/media?parent=7510"}],"wp:term":[{"taxonomy":"category","embeddable":true,"href":"https:\/\/friburgonoticias.com.br\/temp\/wp-json\/wp\/v2\/categories?post=7510"},{"taxonomy":"post_tag","embeddable":true,"href":"https:\/\/friburgonoticias.com.br\/temp\/wp-json\/wp\/v2\/tags?post=7510"}],"curies":[{"name":"wp","href":"https:\/\/api.w.org\/{rel}","templated":true}]}}