{"id":7516,"date":"2026-02-23T19:25:58","date_gmt":"2026-02-23T19:25:58","guid":{"rendered":"https:\/\/friburgonoticias.com.br\/temp\/2026\/02\/23\/conselho-de-etica-ouve-deputado-marcos-pollon-e-testemunha-de-defesa-noticias\/"},"modified":"2026-02-23T19:25:58","modified_gmt":"2026-02-23T19:25:58","slug":"conselho-de-etica-ouve-deputado-marcos-pollon-e-testemunha-de-defesa-noticias","status":"publish","type":"post","link":"https:\/\/friburgonoticias.com.br\/temp\/2026\/02\/23\/conselho-de-etica-ouve-deputado-marcos-pollon-e-testemunha-de-defesa-noticias\/","title":{"rendered":"Conselho de \u00c9tica ouve deputado Marcos Pollon e testemunha de defesa &#8211; Not\u00edcias"},"content":{"rendered":"<p><\/p>\n<div>\n<div>\n<p class=\"g-artigo__data-hora\">\n                      23\/02\/2026 &#8211; 16:19 \u00a0\n                    <\/p>\n<div id=\"image-container-1246798\" class=\"image-container\" style=\"float: none; margin: 45px 0px; width: 100%;\" data-midia=\"1246798\">\n        <em>Vinicius Loures\/C\u00e2mara dos Deputados<\/em><\/p>\n<p>        Deputado Marcos Pollon\n        <\/p><\/div>\n<p data-start=\"83\" data-end=\"315\">O Conselho de \u00c9tica e Decoro Parlamentar da C\u00e2mara dos Deputados realiza, nesta quarta-feira (25), reuni\u00e3o para ouvir o deputado Coronel Meira (PL-PE), na condi\u00e7\u00e3o de testemunha de defesa do deputado Marcos Pollon (PL-MS), e o pr\u00f3prio Pollon, alvo da <a href=\"https:\/\/www.camara.leg.br\/proposicoesWeb\/prop_mostrarintegra?codteor=3004838&amp;filename=REP%2026\/2025\">Representa\u00e7\u00e3o 26\/25<\/a>.<\/p>\n<p data-start=\"468\" data-end=\"570\">A representa\u00e7\u00e3o pede a suspens\u00e3o de Pollon por declara\u00e7\u00f5es ofensivas ao presidente da C\u00e2mara durante ato p\u00fablico realizado em Campo Grande (MS) em agosto do ano passado.<\/p>\n<p data-start=\"572\" data-end=\"845\" data-is-last-node=\"\" data-is-only-node=\"\">As oitivas fazem parte da instru\u00e7\u00e3o processual conduzida pelo Conselho de \u00c9tica e Decoro Parlamentar, respons\u00e1vel por analisar den\u00fancias e representa\u00e7\u00f5es envolvendo parlamentares. A reuni\u00e3o integra o andamento do processo e subsidia a delibera\u00e7\u00e3o do colegiado sobre o caso.<\/p>\n<p>        A reuni\u00e3o ser\u00e1 realizada \u00e0s 14h, em plen\u00e1rio a ser definido.<\/p>\n<p style=\"font-size: 0.8rem; font-weight: 700;\">Da Reda\u00e7\u00e3o \u2013 AC<\/p>\n<\/p><\/div>\n<\/p><\/div>\n<p><\/a><\/p>\n<p>Fonte: www.camara.leg.br<\/p>\n","protected":false},"excerpt":{"rendered":"<p>23\/02\/2026 &#8211; 16:19 \u00a0 Vinicius Loures\/C\u00e2mara dos Deputados Deputado Marcos Pollon O Conselho de \u00c9tica e Decoro Parlamentar da C\u00e2mara dos Deputados realiza, nesta quarta-feira (25), reuni\u00e3o para ouvir o deputado Coronel Meira (PL-PE), na condi\u00e7\u00e3o de testemunha de defesa do deputado Marcos Pollon (PL-MS), e o pr\u00f3prio Pollon, alvo da Representa\u00e7\u00e3o 26\/25. A representa\u00e7\u00e3o [&hellip;]<\/p>\n","protected":false},"author":3,"featured_media":7517,"comment_status":"open","ping_status":"open","sticky":false,"template":"","format":"standard","meta":{"advanced_seo_description":"","jetpack_seo_html_title":"","jetpack_seo_noindex":false,"fifu_image_url":"https:\/\/www.camara.leg.br\/midias\/image\/2026\/02\/img20251210202208683-768x474.jpg","fifu_image_alt":"","_jetpack_memberships_contains_paid_content":false,"footnotes":"","jetpack_publicize_message":"","jetpack_publicize_feature_enabled":true,"jetpack_social_post_already_shared":true,"jetpack_social_options":{"image_generator_settings":{"template":"highway","default_image_id":0,"font":"","enabled":false},"version":2}},"categories":[107],"tags":[],"class_list":{"0":"post-7516","1":"post","2":"type-post","3":"status-publish","4":"format-standard","5":"has-post-thumbnail","7":"category-economia"},"jetpack_publicize_connections":[],"jetpack_featured_media_url":"https:\/\/i0.wp.com\/www.camara.leg.br\/midias\/image\/2026\/02\/img20251210202208683-768x474.jpg?fit=%2C&ssl=1","jetpack_sharing_enabled":true,"jetpack-related-posts":[],"_links":{"self":[{"href":"https:\/\/friburgonoticias.com.br\/temp\/wp-json\/wp\/v2\/posts\/7516","targetHints":{"allow":["GET"]}}],"collection":[{"href":"https:\/\/friburgonoticias.com.br\/temp\/wp-json\/wp\/v2\/posts"}],"about":[{"href":"https:\/\/friburgonoticias.com.br\/temp\/wp-json\/wp\/v2\/types\/post"}],"author":[{"embeddable":true,"href":"https:\/\/friburgonoticias.com.br\/temp\/wp-json\/wp\/v2\/users\/3"}],"replies":[{"embeddable":true,"href":"https:\/\/friburgonoticias.com.br\/temp\/wp-json\/wp\/v2\/comments?post=7516"}],"version-history":[{"count":0,"href":"https:\/\/friburgonoticias.com.br\/temp\/wp-json\/wp\/v2\/posts\/7516\/revisions"}],"wp:featuredmedia":[{"embeddable":true,"href":"https:\/\/friburgonoticias.com.br\/temp\/wp-json\/wp\/v2\/media\/7517"}],"wp:attachment":[{"href":"https:\/\/friburgonoticias.com.br\/temp\/wp-json\/wp\/v2\/media?parent=7516"}],"wp:term":[{"taxonomy":"category","embeddable":true,"href":"https:\/\/friburgonoticias.com.br\/temp\/wp-json\/wp\/v2\/categories?post=7516"},{"taxonomy":"post_tag","embeddable":true,"href":"https:\/\/friburgonoticias.com.br\/temp\/wp-json\/wp\/v2\/tags?post=7516"}],"curies":[{"name":"wp","href":"https:\/\/api.w.org\/{rel}","templated":true}]}}