{"id":7532,"date":"2026-02-24T11:43:07","date_gmt":"2026-02-24T11:43:07","guid":{"rendered":"https:\/\/friburgonoticias.com.br\/temp\/2026\/02\/24\/secretaria-estadual-de-educacao-indicada-por-bacellar-deixa-cargo-presidente-da-fundacao-leao-xiii-e-a-substituta\/"},"modified":"2026-02-24T11:43:07","modified_gmt":"2026-02-24T11:43:07","slug":"secretaria-estadual-de-educacao-indicada-por-bacellar-deixa-cargo-presidente-da-fundacao-leao-xiii-e-a-substituta","status":"publish","type":"post","link":"https:\/\/friburgonoticias.com.br\/temp\/2026\/02\/24\/secretaria-estadual-de-educacao-indicada-por-bacellar-deixa-cargo-presidente-da-fundacao-leao-xiii-e-a-substituta\/","title":{"rendered":"Secret\u00e1ria estadual de Educa\u00e7\u00e3o indicada por Bacellar deixa cargo; presidente da Funda\u00e7\u00e3o Le\u00e3o XIII \u00e9 a substituta"},"content":{"rendered":"<p><\/p>\n<div itemprop=\"articleBody\">\nO governador Cl\u00e1udio Castro (PL) exonerou, nesta ter\u00e7a-feira (24), a secret\u00e1ria de Educa\u00e7\u00e3o do estado, Roberta Machado. Oficialmente, ela pediu para sair, j\u00e1 que vai disputar as elei\u00e7\u00f5es de outubro. Quem assume a pasta \u00e9 a presidente da Funda\u00e7\u00e3o Le\u00e3o XIII, a assistente social Luciana Cala\u00e7a. <\/p>\n<p>Indicada pelo presidente afastado da Assembleia Legislativa (Alerj), Rodrigo Bacellar (Uni\u00e3o), a secret\u00e1ria estava no <a href=\"https:\/\/temporealrj.com\/deputado-cobra-milhoes-fundeb-educacao\/\">comando da Educa\u00e7\u00e3o no estado<\/a> havia tr\u00eas anos. Um movimento para substitu\u00ed-la no cargo vinha crescendo nos bastidores da pol\u00edtica nos \u00faltimos meses, e foi intensificado depois do afastamento de Bacellar. Apesar de j\u00e1 ter anunciado a inten\u00e7\u00e3o de disputar o pleito, Roberta ainda n\u00e3o confirmou para qual cargo vai ser candidata em outubro.<\/p>\n<p>A exonera\u00e7\u00e3o  foi publicada no <a href=\"https:\/\/portal.ioerj.com.br\/\" target=\"_blank\" rel=\"noopener\">Di\u00e1rio Oficial<\/a>.<\/p>\n<h2 class=\"wp-block-heading\">Nova secret\u00e1ria de Educa\u00e7\u00e3o estava no comando da Funda\u00e7\u00e3o Le\u00e3o XIII desde 2022<\/h2>\n<p>A nova <a href=\"https:\/\/temporealrj.com\/governo-do-estado-libera-contratacao-de-17-mil-novos-professores-temporarios-para-2026-e-2027\/\">secret\u00e1ria de Educa\u00e7\u00e3o<\/a> foi candidata a deputada federal pelo Republicanos em 2022, mas n\u00e3o foi eleita. No mesmo ano, em dezembro, ela assumiu o cargo da funda\u00e7\u00e3o.<\/p>\n<p>Antes disso, ela j\u00e1 tinha no curr\u00edculo uma passagem de duas d\u00e9cadas pela Funda\u00e7\u00e3o Rom\u00e3o Duarte. Entre 2021 e 2022, ela foi subsecret\u00e1ria de Promo\u00e7\u00e3o, Defesa e Garantia de Direitos Humanos, da Secretaria de Desenvolvimento Social e Direitos Humanos (Sedsodh) do estado do Rio.<\/p>\n<div class=\"wp-block-image\">\n<figure class=\"aligncenter size-full\"><img loading=\"lazy\" decoding=\"async\" width=\"493\" height=\"543\" src=\"https:\/\/temporealrj.com\/wp-content\/uploads\/2026\/02\/WhatsApp-Image-2026-02-24-at-08.07.51-1.jpeg\" alt=\"WhatsApp Image 2026 02 24 at 08.07.51 1\" class=\"wp-image-120281\" title=\"Secret\u00e1ria estadual de Educa\u00e7\u00e3o indicada por Bacellar deixa cargo; presidente da Funda\u00e7\u00e3o Le\u00e3o XIII \u00e9 a substituta 62\" srcset=\"https:\/\/temporealrj.com\/wp-content\/uploads\/2026\/02\/WhatsApp-Image-2026-02-24-at-08.07.51-1.jpeg 493w, https:\/\/temporealrj.com\/wp-content\/uploads\/2026\/02\/WhatsApp-Image-2026-02-24-at-08.07.51-1-272x300.jpeg 272w\" sizes=\"auto, (max-width: 493px) 100vw, 493px\"\/><\/figure>\n<\/div>\n<\/div>\n<p><\/a><\/p>\n<p>Fonte: temporealrj.com<\/p>\n","protected":false},"excerpt":{"rendered":"<p>O governador Cl\u00e1udio Castro (PL) exonerou, nesta ter\u00e7a-feira (24), a secret\u00e1ria de Educa\u00e7\u00e3o do estado, Roberta Machado. Oficialmente, ela pediu para sair, j\u00e1 que vai disputar as elei\u00e7\u00f5es de outubro. Quem assume a pasta \u00e9 a presidente da Funda\u00e7\u00e3o Le\u00e3o XIII, a assistente social Luciana Cala\u00e7a. Indicada pelo presidente afastado da Assembleia Legislativa (Alerj), Rodrigo [&hellip;]<\/p>\n","protected":false},"author":3,"featured_media":7533,"comment_status":"open","ping_status":"open","sticky":false,"template":"","format":"standard","meta":{"advanced_seo_description":"","jetpack_seo_html_title":"","jetpack_seo_noindex":false,"fifu_image_url":"https:\/\/temporealrj.com\/wp-content\/uploads\/2026\/02\/imgonline-com-ua-twotoone-10VBYmqupKGzD21z-e1771932754227.jpg","fifu_image_alt":"","_jetpack_memberships_contains_paid_content":false,"footnotes":"","jetpack_publicize_message":"","jetpack_publicize_feature_enabled":true,"jetpack_social_post_already_shared":true,"jetpack_social_options":{"image_generator_settings":{"template":"highway","default_image_id":0,"font":"","enabled":false},"version":2}},"categories":[107],"tags":[],"class_list":{"0":"post-7532","1":"post","2":"type-post","3":"status-publish","4":"format-standard","5":"has-post-thumbnail","7":"category-economia"},"jetpack_publicize_connections":[],"jetpack_featured_media_url":"https:\/\/i0.wp.com\/temporealrj.com\/wp-content\/uploads\/2026\/02\/imgonline-com-ua-twotoone-10VBYmqupKGzD21z-e1771932754227.jpg?fit=%2C&ssl=1","jetpack_sharing_enabled":true,"jetpack-related-posts":[],"_links":{"self":[{"href":"https:\/\/friburgonoticias.com.br\/temp\/wp-json\/wp\/v2\/posts\/7532","targetHints":{"allow":["GET"]}}],"collection":[{"href":"https:\/\/friburgonoticias.com.br\/temp\/wp-json\/wp\/v2\/posts"}],"about":[{"href":"https:\/\/friburgonoticias.com.br\/temp\/wp-json\/wp\/v2\/types\/post"}],"author":[{"embeddable":true,"href":"https:\/\/friburgonoticias.com.br\/temp\/wp-json\/wp\/v2\/users\/3"}],"replies":[{"embeddable":true,"href":"https:\/\/friburgonoticias.com.br\/temp\/wp-json\/wp\/v2\/comments?post=7532"}],"version-history":[{"count":0,"href":"https:\/\/friburgonoticias.com.br\/temp\/wp-json\/wp\/v2\/posts\/7532\/revisions"}],"wp:featuredmedia":[{"embeddable":true,"href":"https:\/\/friburgonoticias.com.br\/temp\/wp-json\/wp\/v2\/media\/7533"}],"wp:attachment":[{"href":"https:\/\/friburgonoticias.com.br\/temp\/wp-json\/wp\/v2\/media?parent=7532"}],"wp:term":[{"taxonomy":"category","embeddable":true,"href":"https:\/\/friburgonoticias.com.br\/temp\/wp-json\/wp\/v2\/categories?post=7532"},{"taxonomy":"post_tag","embeddable":true,"href":"https:\/\/friburgonoticias.com.br\/temp\/wp-json\/wp\/v2\/tags?post=7532"}],"curies":[{"name":"wp","href":"https:\/\/api.w.org\/{rel}","templated":true}]}}