{"id":7534,"date":"2026-02-24T12:33:08","date_gmt":"2026-02-24T12:33:08","guid":{"rendered":"https:\/\/friburgonoticias.com.br\/temp\/2026\/02\/24\/comissao-sobre-direitos-das-pessoas-com-deficiencia-debate-plano-de-trabalho-para-2026-participe-noticias\/"},"modified":"2026-02-24T12:33:08","modified_gmt":"2026-02-24T12:33:08","slug":"comissao-sobre-direitos-das-pessoas-com-deficiencia-debate-plano-de-trabalho-para-2026-participe-noticias","status":"publish","type":"post","link":"https:\/\/friburgonoticias.com.br\/temp\/2026\/02\/24\/comissao-sobre-direitos-das-pessoas-com-deficiencia-debate-plano-de-trabalho-para-2026-participe-noticias\/","title":{"rendered":"Comiss\u00e3o sobre direitos das pessoas com defici\u00eancia debate plano de trabalho para 2026; participe &#8211; Not\u00edcias"},"content":{"rendered":"<p><\/p>\n<div>\n<div>\n<p class=\"g-artigo__data-hora\">\n                      24\/02\/2026 &#8211; 08:51 \u00a0\n                    <\/p>\n<div id=\"image-container-1246008\" class=\"image-container\" style=\"float: none; margin: 45px 0px; width: 100%;\" data-midia=\"1246008\">\n        <em>Bruno Spada\/C\u00e2mara dos Deputados<\/em><\/p>\n<p>        Rodrigo Rollemberg: o objetivo \u00e9 identificar as principais demandas na \u00e1rea\n        <\/p><\/div>\n<p data-start=\"59\" data-end=\"314\">A Comiss\u00e3o de Defesa dos Direitos das Pessoas com Defici\u00eancia da C\u00e2mara dos Deputados promove semin\u00e1rio nesta ter\u00e7a-feira (24) para discutir a elabora\u00e7\u00e3o do plano de trabalho do colegiado para 2026.<\/p>\n<p data-start=\"59\" data-end=\"314\">O evento ser\u00e1 realizado no plen\u00e1rio 13, \u00e0s 14 horas.<\/p>\n<p data-start=\"360\" data-end=\"569\">O debate atende a pedido do presidente da comiss\u00e3o, deputado Rodrigo Rollemberg\u00a0 (PSB-DF). Segundo ele, o objetivo \u00e9 identificar as principais demandas na \u00e1rea e orientar as atividades dos parlamentares ao longo do ano.<\/p>\n<p data-start=\"1250\" data-end=\"1476\">O encontro reunir\u00e1 representantes da sociedade civil, entidades p\u00fablicas e privadas e movimentos sociais.<\/p>\n<p data-start=\"1478\" data-end=\"1765\" data-is-last-node=\"\" data-is-only-node=\"\">A comiss\u00e3o \u00e9 respons\u00e1vel por acompanhar e discutir pol\u00edticas p\u00fablicas voltadas \u00e0 promo\u00e7\u00e3o e \u00e0 defesa dos direitos das pessoas com defici\u00eancia.<\/p>\n<p style=\"font-size: 0.8rem; font-weight: 700;\">Da Reda\u00e7\u00e3o \u2013 MO<\/p>\n<\/p><\/div>\n<\/p><\/div>\n<p><\/a><\/p>\n<p>Fonte: www.camara.leg.br<\/p>\n","protected":false},"excerpt":{"rendered":"<p>24\/02\/2026 &#8211; 08:51 \u00a0 Bruno Spada\/C\u00e2mara dos Deputados Rodrigo Rollemberg: o objetivo \u00e9 identificar as principais demandas na \u00e1rea A Comiss\u00e3o de Defesa dos Direitos das Pessoas com Defici\u00eancia da C\u00e2mara dos Deputados promove semin\u00e1rio nesta ter\u00e7a-feira (24) para discutir a elabora\u00e7\u00e3o do plano de trabalho do colegiado para 2026. O evento ser\u00e1 realizado no [&hellip;]<\/p>\n","protected":false},"author":3,"featured_media":7535,"comment_status":"open","ping_status":"open","sticky":false,"template":"","format":"standard","meta":{"advanced_seo_description":"","jetpack_seo_html_title":"","jetpack_seo_noindex":false,"fifu_image_url":"https:\/\/www.camara.leg.br\/midias\/image\/2026\/02\/img20260210191933013-768x474.jpg","fifu_image_alt":"","_jetpack_memberships_contains_paid_content":false,"footnotes":"","jetpack_publicize_message":"","jetpack_publicize_feature_enabled":true,"jetpack_social_post_already_shared":true,"jetpack_social_options":{"image_generator_settings":{"template":"highway","default_image_id":0,"font":"","enabled":false},"version":2}},"categories":[106,1],"tags":[],"class_list":{"0":"post-7534","1":"post","2":"type-post","3":"status-publish","4":"format-standard","5":"has-post-thumbnail","7":"category-politica","8":"category-uncategorized"},"jetpack_publicize_connections":[],"jetpack_featured_media_url":"https:\/\/i0.wp.com\/www.camara.leg.br\/midias\/image\/2026\/02\/img20260210191933013-768x474.jpg?fit=%2C&ssl=1","jetpack_sharing_enabled":true,"jetpack-related-posts":[],"_links":{"self":[{"href":"https:\/\/friburgonoticias.com.br\/temp\/wp-json\/wp\/v2\/posts\/7534","targetHints":{"allow":["GET"]}}],"collection":[{"href":"https:\/\/friburgonoticias.com.br\/temp\/wp-json\/wp\/v2\/posts"}],"about":[{"href":"https:\/\/friburgonoticias.com.br\/temp\/wp-json\/wp\/v2\/types\/post"}],"author":[{"embeddable":true,"href":"https:\/\/friburgonoticias.com.br\/temp\/wp-json\/wp\/v2\/users\/3"}],"replies":[{"embeddable":true,"href":"https:\/\/friburgonoticias.com.br\/temp\/wp-json\/wp\/v2\/comments?post=7534"}],"version-history":[{"count":0,"href":"https:\/\/friburgonoticias.com.br\/temp\/wp-json\/wp\/v2\/posts\/7534\/revisions"}],"wp:featuredmedia":[{"embeddable":true,"href":"https:\/\/friburgonoticias.com.br\/temp\/wp-json\/wp\/v2\/media\/7535"}],"wp:attachment":[{"href":"https:\/\/friburgonoticias.com.br\/temp\/wp-json\/wp\/v2\/media?parent=7534"}],"wp:term":[{"taxonomy":"category","embeddable":true,"href":"https:\/\/friburgonoticias.com.br\/temp\/wp-json\/wp\/v2\/categories?post=7534"},{"taxonomy":"post_tag","embeddable":true,"href":"https:\/\/friburgonoticias.com.br\/temp\/wp-json\/wp\/v2\/tags?post=7534"}],"curies":[{"name":"wp","href":"https:\/\/api.w.org\/{rel}","templated":true}]}}