{"id":7540,"date":"2026-02-24T15:40:01","date_gmt":"2026-02-24T15:40:01","guid":{"rendered":"https:\/\/friburgonoticias.com.br\/temp\/2026\/02\/24\/th-joias-sera-ouvido-pela-cpi-do-crime-organizado-nesta-quarta-25\/"},"modified":"2026-02-24T15:40:01","modified_gmt":"2026-02-24T15:40:01","slug":"th-joias-sera-ouvido-pela-cpi-do-crime-organizado-nesta-quarta-25","status":"publish","type":"post","link":"https:\/\/friburgonoticias.com.br\/temp\/2026\/02\/24\/th-joias-sera-ouvido-pela-cpi-do-crime-organizado-nesta-quarta-25\/","title":{"rendered":"TH Joias ser\u00e1 ouvido pela CPI do Crime Organizado nesta quarta (25)"},"content":{"rendered":"<p><\/p>\n<div itemprop=\"articleBody\">\nO <a href=\"https:\/\/temporealrj.com\/trf-2-decide-nesta-quinta-18-futuro-de-th-joias-apos-desembargador-relator-ser-preso\/\">ex-deputado estadual TH Joias<\/a> foi convocado a prestar depoimento para a Comiss\u00e3o Parlamentar de Inqu\u00e9rito (CPI) do Crime Organizado, em Bras\u00edlia, nesta quarta-feira (25). O senador Fabiano Contarato (PT-ES) confirmou a informa\u00e7\u00e3o, mas disse que o Supremo Tribunal Federal (STF) ainda n\u00e3o respondeu se autoriza a participa\u00e7\u00e3o do ex-parlamentar, que est\u00e1 preso desde setembro.<\/p>\n<p>A oitiva com TH Joias j\u00e1 est\u00e1 na agenda oficial do Senado para quarta. De acordo com a solicita\u00e7\u00e3o, a participa\u00e7\u00e3o do ex-deputado \u00e9 \u201cimprescind\u00edvel\u201d. A expectativa \u00e9 que ele comente as acusa\u00e7\u00f5es de envolvimento com o tr\u00e1fico de drogas pelas quais foi preso no ano passado, durante opera\u00e7\u00e3o da Pol\u00edcia Federal.<\/p>\n<p><a href=\"https:\/\/temporealrj.com\/pf-indicia-th-joias-e-mais-17-por-ligacao-com-faccoes-criminosas\/\">Acusado de liga\u00e7\u00f5es com o Comando Vermelho<\/a>, TH Joias responde por tr\u00e1fico de drogas, corrup\u00e7\u00e3o, lavagem de dinheiro e fornecimento de armas \u00e0 fac\u00e7\u00e3o criminosa. Ele est\u00e1 detido no Pres\u00eddio Federal de Bras\u00edlia.<\/p>\n<h2 class=\"wp-block-heading\">Al\u00e9m da TH Joias, CPI ouve diretor-geral da Meta no Brasil<\/h2>\n<p>Antes, a CPI do Crime Organizado ouve, nesta ter\u00e7a (24), Conrado Leister, diretor-geral da empresa Meta no Brasil. Ele presta depoimento sobre as medidas tomadas para evitar que redes sociais da empresa, como WhatsApp, Facebook e Instagram, sejam usadas pelo crime organizado como ferramentas de divulga\u00e7\u00e3o e financiamento.<\/p>\n<p><em>Com informa\u00e7\u00f5es do portal \u201cg1\u201d.<\/em>\n<\/div>\n<p><\/a><\/p>\n<p>Fonte: temporealrj.com<\/p>\n","protected":false},"excerpt":{"rendered":"<p>O ex-deputado estadual TH Joias foi convocado a prestar depoimento para a Comiss\u00e3o Parlamentar de Inqu\u00e9rito (CPI) do Crime Organizado, em Bras\u00edlia, nesta quarta-feira (25). O senador Fabiano Contarato (PT-ES) confirmou a informa\u00e7\u00e3o, mas disse que o Supremo Tribunal Federal (STF) ainda n\u00e3o respondeu se autoriza a participa\u00e7\u00e3o do ex-parlamentar, que est\u00e1 preso desde setembro. [&hellip;]<\/p>\n","protected":false},"author":3,"featured_media":7541,"comment_status":"open","ping_status":"open","sticky":false,"template":"","format":"standard","meta":{"advanced_seo_description":"","jetpack_seo_html_title":"","jetpack_seo_noindex":false,"fifu_image_url":"https:\/\/temporealrj.com\/wp-content\/uploads\/2026\/02\/th-joias-e1771941691439.webp","fifu_image_alt":"","_jetpack_memberships_contains_paid_content":false,"footnotes":"","jetpack_publicize_message":"","jetpack_publicize_feature_enabled":true,"jetpack_social_post_already_shared":true,"jetpack_social_options":{"image_generator_settings":{"template":"highway","default_image_id":0,"font":"","enabled":false},"version":2}},"categories":[106,1],"tags":[],"class_list":{"0":"post-7540","1":"post","2":"type-post","3":"status-publish","4":"format-standard","5":"has-post-thumbnail","7":"category-politica","8":"category-uncategorized"},"jetpack_publicize_connections":[],"jetpack_featured_media_url":"https:\/\/i0.wp.com\/temporealrj.com\/wp-content\/uploads\/2026\/02\/th-joias-e1771941691439.webp?fit=%2C&ssl=1","jetpack_sharing_enabled":true,"jetpack-related-posts":[],"_links":{"self":[{"href":"https:\/\/friburgonoticias.com.br\/temp\/wp-json\/wp\/v2\/posts\/7540","targetHints":{"allow":["GET"]}}],"collection":[{"href":"https:\/\/friburgonoticias.com.br\/temp\/wp-json\/wp\/v2\/posts"}],"about":[{"href":"https:\/\/friburgonoticias.com.br\/temp\/wp-json\/wp\/v2\/types\/post"}],"author":[{"embeddable":true,"href":"https:\/\/friburgonoticias.com.br\/temp\/wp-json\/wp\/v2\/users\/3"}],"replies":[{"embeddable":true,"href":"https:\/\/friburgonoticias.com.br\/temp\/wp-json\/wp\/v2\/comments?post=7540"}],"version-history":[{"count":0,"href":"https:\/\/friburgonoticias.com.br\/temp\/wp-json\/wp\/v2\/posts\/7540\/revisions"}],"wp:featuredmedia":[{"embeddable":true,"href":"https:\/\/friburgonoticias.com.br\/temp\/wp-json\/wp\/v2\/media\/7541"}],"wp:attachment":[{"href":"https:\/\/friburgonoticias.com.br\/temp\/wp-json\/wp\/v2\/media?parent=7540"}],"wp:term":[{"taxonomy":"category","embeddable":true,"href":"https:\/\/friburgonoticias.com.br\/temp\/wp-json\/wp\/v2\/categories?post=7540"},{"taxonomy":"post_tag","embeddable":true,"href":"https:\/\/friburgonoticias.com.br\/temp\/wp-json\/wp\/v2\/tags?post=7540"}],"curies":[{"name":"wp","href":"https:\/\/api.w.org\/{rel}","templated":true}]}}