{"id":7546,"date":"2026-02-24T18:02:06","date_gmt":"2026-02-24T18:02:06","guid":{"rendered":"https:\/\/friburgonoticias.com.br\/temp\/2026\/02\/24\/reu-no-stf-por-assassinato-de-marielle-domingos-brazao-recebeu-salario-de-r-35-mil-do-tce-em-fevereiro\/"},"modified":"2026-02-24T18:02:06","modified_gmt":"2026-02-24T18:02:06","slug":"reu-no-stf-por-assassinato-de-marielle-domingos-brazao-recebeu-salario-de-r-35-mil-do-tce-em-fevereiro","status":"publish","type":"post","link":"https:\/\/friburgonoticias.com.br\/temp\/2026\/02\/24\/reu-no-stf-por-assassinato-de-marielle-domingos-brazao-recebeu-salario-de-r-35-mil-do-tce-em-fevereiro\/","title":{"rendered":"R\u00e9u no STF por assassinato de Marielle, Domingos Braz\u00e3o recebeu sal\u00e1rio de R$ 35 mil do TCE em fevereiro"},"content":{"rendered":"<p><\/p>\n<div itemprop=\"articleBody\">\n<a href=\"https:\/\/temporealrj.com\/caso-marielle-stf-comeca-a-julgar-acusados-de-ordenar-e-planejar-execucao-da-vereadora\/\">R\u00e9u no Supremo Tribunal Federal (STF) em julgamento desta ter\u00e7a-feira (24)<\/a>, o conselheiro do Tribunal de Contas do Rio (TCE-RJ) Domingos Braz\u00e3o ainda recebe sal\u00e1rios do \u00f3rg\u00e3o \u2014 mesmo afastado da fun\u00e7\u00e3o por conta do processo. Apontado como mandante do a<a href=\"https:\/\/temporealrj.com\/stf-comeca-a-julgar-na-terca-feira-irmaos-brazao-e-rivaldo-barbosa-pelo-assassinato-de-marielle\/\">ssassinato da vereadora Marielle Franco e do motorista Anderson Gomes<\/a>, ele recebeu um pagamento de mais de R$ 35 mil em fevereiro.<\/p>\n<p>Na folha de contracheque, o sal\u00e1rio bruto de Braz\u00e3o chega a quase R$ 56 mil. O conselheiro afastado ainda recebe tri\u00eanio, aux\u00edlio sa\u00fade e educa\u00e7\u00e3o. Ele est\u00e1 preso desde mar\u00e7o de 2024. Antes disso, ele j\u00e1 tinha passado um per\u00edodo afastado da fun\u00e7\u00e3o.<\/p>\n<p>Em 2017, Braz\u00e3o e outros quatro conselheiros do TCE chegaram a ser presos temporariamente por corrup\u00e7\u00e3o em um desdobramento da Opera\u00e7\u00e3o Lava Jato. Ele foi solto no mesmo m\u00eas, mas ficou impedido de retornar ao cargo e permaneceu distante do TCE at\u00e9 2021, quando o STF autorizou o retorno do conselheiro.<\/p>\n<p>Al\u00e9m dele, o STF tamb\u00e9m julga, nesta ter\u00e7a, Chiquinho Braz\u00e3o, ex-deputado federal. Tamb\u00e9m s\u00e3o r\u00e9us no caso Marielle: Rivaldo Barbosa, delegado e ex-chefe da Pol\u00edcia Civil do Rio de Janeiro; Ronald Paulo de Alves Pereira, ex-policial, e Robson Calixto Fonseca, ex-assessor de Domingos Braz\u00e3o, tamb\u00e9m conhecido como \u201cPeixe\u201d.\u00a0<\/p>\n<p><em>Com informa\u00e7\u00f5es de Bernardo Mello Franco, do jornal \u201cO Globo\u201d.<\/em>\n<\/div>\n<p><\/a><\/p>\n<p>Fonte: temporealrj.com<\/p>\n","protected":false},"excerpt":{"rendered":"<p>R\u00e9u no Supremo Tribunal Federal (STF) em julgamento desta ter\u00e7a-feira (24), o conselheiro do Tribunal de Contas do Rio (TCE-RJ) Domingos Braz\u00e3o ainda recebe sal\u00e1rios do \u00f3rg\u00e3o \u2014 mesmo afastado da fun\u00e7\u00e3o por conta do processo. Apontado como mandante do assassinato da vereadora Marielle Franco e do motorista Anderson Gomes, ele recebeu um pagamento de [&hellip;]<\/p>\n","protected":false},"author":3,"featured_media":7547,"comment_status":"open","ping_status":"open","sticky":false,"template":"","format":"standard","meta":{"advanced_seo_description":"","jetpack_seo_html_title":"","jetpack_seo_noindex":false,"fifu_image_url":"https:\/\/temporealrj.com\/wp-content\/uploads\/2026\/02\/domingos-brazao-e1771955824652.png","fifu_image_alt":"","_jetpack_memberships_contains_paid_content":false,"footnotes":"","jetpack_publicize_message":"","jetpack_publicize_feature_enabled":true,"jetpack_social_post_already_shared":true,"jetpack_social_options":{"image_generator_settings":{"template":"highway","default_image_id":0,"font":"","enabled":false},"version":2}},"categories":[106,1],"tags":[],"class_list":{"0":"post-7546","1":"post","2":"type-post","3":"status-publish","4":"format-standard","5":"has-post-thumbnail","7":"category-politica","8":"category-uncategorized"},"jetpack_publicize_connections":[],"jetpack_featured_media_url":"https:\/\/i0.wp.com\/temporealrj.com\/wp-content\/uploads\/2026\/02\/domingos-brazao-e1771955824652.png?fit=%2C&ssl=1","jetpack_sharing_enabled":true,"jetpack-related-posts":[],"_links":{"self":[{"href":"https:\/\/friburgonoticias.com.br\/temp\/wp-json\/wp\/v2\/posts\/7546","targetHints":{"allow":["GET"]}}],"collection":[{"href":"https:\/\/friburgonoticias.com.br\/temp\/wp-json\/wp\/v2\/posts"}],"about":[{"href":"https:\/\/friburgonoticias.com.br\/temp\/wp-json\/wp\/v2\/types\/post"}],"author":[{"embeddable":true,"href":"https:\/\/friburgonoticias.com.br\/temp\/wp-json\/wp\/v2\/users\/3"}],"replies":[{"embeddable":true,"href":"https:\/\/friburgonoticias.com.br\/temp\/wp-json\/wp\/v2\/comments?post=7546"}],"version-history":[{"count":0,"href":"https:\/\/friburgonoticias.com.br\/temp\/wp-json\/wp\/v2\/posts\/7546\/revisions"}],"wp:featuredmedia":[{"embeddable":true,"href":"https:\/\/friburgonoticias.com.br\/temp\/wp-json\/wp\/v2\/media\/7547"}],"wp:attachment":[{"href":"https:\/\/friburgonoticias.com.br\/temp\/wp-json\/wp\/v2\/media?parent=7546"}],"wp:term":[{"taxonomy":"category","embeddable":true,"href":"https:\/\/friburgonoticias.com.br\/temp\/wp-json\/wp\/v2\/categories?post=7546"},{"taxonomy":"post_tag","embeddable":true,"href":"https:\/\/friburgonoticias.com.br\/temp\/wp-json\/wp\/v2\/tags?post=7546"}],"curies":[{"name":"wp","href":"https:\/\/api.w.org\/{rel}","templated":true}]}}