{"id":7550,"date":"2026-02-24T18:48:08","date_gmt":"2026-02-24T18:48:08","guid":{"rendered":"https:\/\/friburgonoticias.com.br\/temp\/2026\/02\/24\/rodrigo-bacellar-esta-ausente-do-plenario-da-alerj-deputado-nao-renovou-pedido-de-licenca\/"},"modified":"2026-02-24T18:48:08","modified_gmt":"2026-02-24T18:48:08","slug":"rodrigo-bacellar-esta-ausente-do-plenario-da-alerj-deputado-nao-renovou-pedido-de-licenca","status":"publish","type":"post","link":"https:\/\/friburgonoticias.com.br\/temp\/2026\/02\/24\/rodrigo-bacellar-esta-ausente-do-plenario-da-alerj-deputado-nao-renovou-pedido-de-licenca\/","title":{"rendered":"Rodrigo Bacellar est\u00e1 &#8216;ausente&#8217; do plen\u00e1rio da Alerj; deputado n\u00e3o renovou pedido de licen\u00e7a"},"content":{"rendered":"<p><\/p>\n<div itemprop=\"articleBody\">\nNa primeira sess\u00e3o legislativa depois do recesso de carnaval, o presidente afastado da Assembleia Legislativa do Rio (Alerj), Rodrigo Bacellar (Uni\u00e3o), apareceu como \u201causente\u201d no painel do plen\u00e1rio. Desde dezembro, o parlamentar estava licenciado para tratar de \u201cassuntos de car\u00e1ter particular\u201d.<\/p>\n<p><a href=\"https:\/\/temporealrj.com\/bacellar-renova-licenca-na-alerj-ate-a-proxima-quarta-11\/\">O \u00faltimo afastamento formal tinha validade at\u00e9 o dia 11 de fevereiro<\/a>. Como n\u00e3o houve nova publica\u00e7\u00e3o no Di\u00e1rio Oficial, a aus\u00eancia desta ter\u00e7a n\u00e3o est\u00e1, ao menos por ora, coberta por licen\u00e7a oficialmente autorizada.<\/p>\n<p>Al\u00e9m de Bacellar, outros seis deputados tamb\u00e9m est\u00e3o ausentes na sess\u00e3o plen\u00e1ria de hoje: Andr\u00e9 Corr\u00eaa (Prog), Braz\u00e3o (Uni\u00e3o), Giovani Ratinho (SDD), Marcelo Dino (Uni\u00e3o), M\u00e1rcio Gualberto (PL) e Renato Miranda (PL).<\/p>\n<div class=\"wp-block-image\">\n<figure class=\"aligncenter size-large\"><img loading=\"lazy\" decoding=\"async\" width=\"1024\" height=\"576\" src=\"https:\/\/temporealrj.com\/wp-content\/uploads\/2026\/02\/WhatsApp-Image-2026-02-24-at-15.23.52-1024x576.jpeg\" alt=\"WhatsApp Image 2026 02 24 at 15.23.52\" class=\"wp-image-120394\" title=\"Rodrigo Bacellar est\u00e1 'ausente' do plen\u00e1rio da Alerj; deputado n\u00e3o renovou pedido de licen\u00e7a 62\" srcset=\"https:\/\/temporealrj.com\/wp-content\/uploads\/2026\/02\/WhatsApp-Image-2026-02-24-at-15.23.52-1024x576.jpeg 1024w, https:\/\/temporealrj.com\/wp-content\/uploads\/2026\/02\/WhatsApp-Image-2026-02-24-at-15.23.52-300x169.jpeg 300w, https:\/\/temporealrj.com\/wp-content\/uploads\/2026\/02\/WhatsApp-Image-2026-02-24-at-15.23.52-768x432.jpeg 768w, https:\/\/temporealrj.com\/wp-content\/uploads\/2026\/02\/WhatsApp-Image-2026-02-24-at-15.23.52-1536x864.jpeg 1536w, https:\/\/temporealrj.com\/wp-content\/uploads\/2026\/02\/WhatsApp-Image-2026-02-24-at-15.23.52-860x484.jpeg 860w, https:\/\/temporealrj.com\/wp-content\/uploads\/2026\/02\/WhatsApp-Image-2026-02-24-at-15.23.52.jpeg 1600w\" sizes=\"auto, (max-width: 1024px) 100vw, 1024px\"\/><figcaption class=\"wp-element-caption\">Painel do plen\u00e1rio da Alerj na tarde desta ter\u00e7a-feira \u2013 Foto: Tempo Real<\/figcaption><\/figure>\n<\/div>\n<h2 class=\"wp-block-heading\">Regimento da Alerj permite at\u00e9 120 dias de licen\u00e7a por motivo particular, mas pedido precisa ser formalizado<\/h2>\n<p>Pelo Regimento Interno da Assembleia, deputados podem se licenciar por at\u00e9 120 dias por motivo particular sem perder o mandato. Nesses casos, as aus\u00eancias n\u00e3o s\u00e3o contabilizadas como faltas. Bacellar j\u00e1 utilizou 19 dias de licen\u00e7a, que depende de requerimento e publica\u00e7\u00e3o oficial.<\/p>\n<p>Rodrigo Bacellar est\u00e1 afastado da presid\u00eancia da Alerj por decis\u00e3o do Supremo Tribunal Federal, no \u00e2mbito da Opera\u00e7\u00e3o Unha e Carne. Ele cumpre medidas cautelares, entre elas o uso de tornozeleira eletr\u00f4nica. Com isso, os trabalhos legislativos seguem sob comando do vice-presidente da casa, Guilherme Delaroli (PL).\n<\/p><\/div>\n<p><\/a><\/p>\n<p>Fonte: temporealrj.com<\/p>\n","protected":false},"excerpt":{"rendered":"<p>Na primeira sess\u00e3o legislativa depois do recesso de carnaval, o presidente afastado da Assembleia Legislativa do Rio (Alerj), Rodrigo Bacellar (Uni\u00e3o), apareceu como \u201causente\u201d no painel do plen\u00e1rio. Desde dezembro, o parlamentar estava licenciado para tratar de \u201cassuntos de car\u00e1ter particular\u201d. O \u00faltimo afastamento formal tinha validade at\u00e9 o dia 11 de fevereiro. Como n\u00e3o [&hellip;]<\/p>\n","protected":false},"author":3,"featured_media":7551,"comment_status":"open","ping_status":"open","sticky":false,"template":"","format":"standard","meta":{"advanced_seo_description":"","jetpack_seo_html_title":"","jetpack_seo_noindex":false,"fifu_image_url":"https:\/\/temporealrj.com\/wp-content\/uploads\/2024\/10\/Plenario_26-09-2024_ThiagoLontra-19-scaled-e1728562899184.jpg","fifu_image_alt":"","_jetpack_memberships_contains_paid_content":false,"footnotes":"","jetpack_publicize_message":"","jetpack_publicize_feature_enabled":true,"jetpack_social_post_already_shared":true,"jetpack_social_options":{"image_generator_settings":{"template":"highway","default_image_id":0,"font":"","enabled":false},"version":2}},"categories":[106,1],"tags":[],"class_list":{"0":"post-7550","1":"post","2":"type-post","3":"status-publish","4":"format-standard","5":"has-post-thumbnail","7":"category-politica","8":"category-uncategorized"},"jetpack_publicize_connections":[],"jetpack_featured_media_url":"https:\/\/i0.wp.com\/temporealrj.com\/wp-content\/uploads\/2024\/10\/Plenario_26-09-2024_ThiagoLontra-19-scaled-e1728562899184.jpg?fit=%2C&ssl=1","jetpack_sharing_enabled":true,"jetpack-related-posts":[],"_links":{"self":[{"href":"https:\/\/friburgonoticias.com.br\/temp\/wp-json\/wp\/v2\/posts\/7550","targetHints":{"allow":["GET"]}}],"collection":[{"href":"https:\/\/friburgonoticias.com.br\/temp\/wp-json\/wp\/v2\/posts"}],"about":[{"href":"https:\/\/friburgonoticias.com.br\/temp\/wp-json\/wp\/v2\/types\/post"}],"author":[{"embeddable":true,"href":"https:\/\/friburgonoticias.com.br\/temp\/wp-json\/wp\/v2\/users\/3"}],"replies":[{"embeddable":true,"href":"https:\/\/friburgonoticias.com.br\/temp\/wp-json\/wp\/v2\/comments?post=7550"}],"version-history":[{"count":0,"href":"https:\/\/friburgonoticias.com.br\/temp\/wp-json\/wp\/v2\/posts\/7550\/revisions"}],"wp:featuredmedia":[{"embeddable":true,"href":"https:\/\/friburgonoticias.com.br\/temp\/wp-json\/wp\/v2\/media\/7551"}],"wp:attachment":[{"href":"https:\/\/friburgonoticias.com.br\/temp\/wp-json\/wp\/v2\/media?parent=7550"}],"wp:term":[{"taxonomy":"category","embeddable":true,"href":"https:\/\/friburgonoticias.com.br\/temp\/wp-json\/wp\/v2\/categories?post=7550"},{"taxonomy":"post_tag","embeddable":true,"href":"https:\/\/friburgonoticias.com.br\/temp\/wp-json\/wp\/v2\/tags?post=7550"}],"curies":[{"name":"wp","href":"https:\/\/api.w.org\/{rel}","templated":true}]}}