{"id":7554,"date":"2026-02-24T19:24:22","date_gmt":"2026-02-24T19:24:22","guid":{"rendered":"https:\/\/friburgonoticias.com.br\/temp\/2026\/02\/24\/manifestantes-ocupam-camara-do-rio-em-protesto-contra-projeto-que-permite-concessao-de-parques-e-pracas-publicas\/"},"modified":"2026-02-24T19:24:22","modified_gmt":"2026-02-24T19:24:22","slug":"manifestantes-ocupam-camara-do-rio-em-protesto-contra-projeto-que-permite-concessao-de-parques-e-pracas-publicas","status":"publish","type":"post","link":"https:\/\/friburgonoticias.com.br\/temp\/2026\/02\/24\/manifestantes-ocupam-camara-do-rio-em-protesto-contra-projeto-que-permite-concessao-de-parques-e-pracas-publicas\/","title":{"rendered":"Manifestantes ocupam C\u00e2mara do Rio em protesto contra projeto que permite concess\u00e3o de parques e pra\u00e7as p\u00fablicas"},"content":{"rendered":"<p><\/p>\n<div itemprop=\"articleBody\">\nManifestantes ocuparam a galeria da C\u00e2mara do Rio, nesta ter\u00e7a-feira (24), para protestar contra um <a href=\"https:\/\/temporealrj.com\/vereadores-analisam-projeto-espinhoso-que-libera-a-concessao-de-parques-e-pracas-publicas-a-iniciativa-privada\/\">projeto de emenda \u00e0 Lei Org\u00e2nica do munic\u00edpio que permite a concess\u00e3o de \u00e1reas verdes p\u00fablicas, como pra\u00e7as, parques, jardins e unidades de conserva\u00e7\u00e3o<\/a>. A proposta \u00e9 de autoria do vereador Pedro Duarte e marca a primeira iniciativa do ex-novista na bancada do PSD.<\/p>\n<p><a href=\"https:\/\/temporealrj.com\/rio-estuda-parceria-privada-para-gestao-de-parques-publicos\/\">O projeto est\u00e1 na pauta do dia para a primeira discuss\u00e3o<\/a> e, se aprovado, ainda precisar\u00e1 retornar ao plen\u00e1rio. Os manifestantes se posicionam nas galerias, segurando placas com dizeres como \u201cespa\u00e7o p\u00fablico n\u00e3o \u00e9 mercadoria\u201d e \u201ca pra\u00e7a \u00e9 do povo\u201d. <\/p>\n<p>De acordo com Duarte, que foi vaiado enquanto falava no plen\u00e1rio, os espa\u00e7os seguir\u00e3o como patrim\u00f4nio p\u00fablico, sem possibilidade de venda, mas poder\u00e3o ser administrados pela iniciativa privada. No caso de \u00e1reas tombadas ou protegidas, a concess\u00e3o s\u00f3 poder\u00e1 ocorrer ap\u00f3s avalia\u00e7\u00e3o do \u00f3rg\u00e3o respons\u00e1vel.<\/p>\n<h2 class=\"wp-block-heading\"><strong>Prefeitura j\u00e1 prop\u00f4s a concess\u00e3o de seis parques p\u00fablicos<\/strong><\/h2>\n<p>A medida dialoga com outro projeto lan\u00e7ado pela\u00a0<a href=\"https:\/\/prefeitura.rio\/\" target=\"_blank\" rel=\"noreferrer noopener\">Prefeitura do Rio\u00a0<\/a>em 2025, que previa a concess\u00e3o de seis parques p\u00fablicos para a iniciativa privada. O impacto econ\u00f4mico estimado era de at\u00e9 R$ 1,5 bilh\u00e3o, com apoio t\u00e9cnico do\u00a0<a href=\"https:\/\/www.bndes.gov.br\/wps\/portal\/site\/home\" target=\"_blank\" rel=\"noreferrer noopener\">Banco Nacional de Desenvolvimento Econ\u00f4mico e Social (BNDES)<\/a>.<\/p>\n<p><a href=\"https:\/\/temporealrj.com\/deserto-leilao-da-prefeitura-do-rio-para-a-concessao-de-seis-parques-publicos-a-iniciativa-privada-nao-teve-interessados\/\">Um leil\u00e3o chegou a ser aberto para dar o pontap\u00e9 inicial<\/a>, por meio da\u00a0<a href=\"https:\/\/ambienteclima.prefeitura.rio\/\" target=\"_blank\" rel=\"noreferrer noopener\">Secretaria de Ambiente e Clima<\/a>\u00a0e da\u00a0<a href=\"https:\/\/www.ccpar.rio\/\" target=\"_blank\" rel=\"noreferrer noopener\">Companhia Carioca de Parcerias e Investimentos (CCPar)<\/a>. No entanto, at\u00e9 a data final para recebimento dos envelopes, em 26 de setembro do ano passado, n\u00e3o apareceu nenhuma empresa interessada em dar prosseguimento ao projeto.\n<\/div>\n<p><\/a><\/p>\n<p>Fonte: temporealrj.com<\/p>\n","protected":false},"excerpt":{"rendered":"<p>Manifestantes ocuparam a galeria da C\u00e2mara do Rio, nesta ter\u00e7a-feira (24), para protestar contra um projeto de emenda \u00e0 Lei Org\u00e2nica do munic\u00edpio que permite a concess\u00e3o de \u00e1reas verdes p\u00fablicas, como pra\u00e7as, parques, jardins e unidades de conserva\u00e7\u00e3o. A proposta \u00e9 de autoria do vereador Pedro Duarte e marca a primeira iniciativa do ex-novista [&hellip;]<\/p>\n","protected":false},"author":3,"featured_media":7555,"comment_status":"open","ping_status":"open","sticky":false,"template":"","format":"standard","meta":{"advanced_seo_description":"","jetpack_seo_html_title":"","jetpack_seo_noindex":false,"fifu_image_url":"https:\/\/temporealrj.com\/wp-content\/uploads\/2026\/02\/WhatsApp-Image-2026-02-24-at-15.46.43-e1771958852443.jpeg","fifu_image_alt":"","_jetpack_memberships_contains_paid_content":false,"footnotes":"","jetpack_publicize_message":"","jetpack_publicize_feature_enabled":true,"jetpack_social_post_already_shared":true,"jetpack_social_options":{"image_generator_settings":{"template":"highway","default_image_id":0,"font":"","enabled":false},"version":2}},"categories":[107],"tags":[],"class_list":{"0":"post-7554","1":"post","2":"type-post","3":"status-publish","4":"format-standard","5":"has-post-thumbnail","7":"category-economia"},"jetpack_publicize_connections":[],"jetpack_featured_media_url":"https:\/\/i0.wp.com\/temporealrj.com\/wp-content\/uploads\/2026\/02\/WhatsApp-Image-2026-02-24-at-15.46.43-e1771958852443.jpeg?fit=%2C&ssl=1","jetpack_sharing_enabled":true,"jetpack-related-posts":[],"_links":{"self":[{"href":"https:\/\/friburgonoticias.com.br\/temp\/wp-json\/wp\/v2\/posts\/7554","targetHints":{"allow":["GET"]}}],"collection":[{"href":"https:\/\/friburgonoticias.com.br\/temp\/wp-json\/wp\/v2\/posts"}],"about":[{"href":"https:\/\/friburgonoticias.com.br\/temp\/wp-json\/wp\/v2\/types\/post"}],"author":[{"embeddable":true,"href":"https:\/\/friburgonoticias.com.br\/temp\/wp-json\/wp\/v2\/users\/3"}],"replies":[{"embeddable":true,"href":"https:\/\/friburgonoticias.com.br\/temp\/wp-json\/wp\/v2\/comments?post=7554"}],"version-history":[{"count":0,"href":"https:\/\/friburgonoticias.com.br\/temp\/wp-json\/wp\/v2\/posts\/7554\/revisions"}],"wp:featuredmedia":[{"embeddable":true,"href":"https:\/\/friburgonoticias.com.br\/temp\/wp-json\/wp\/v2\/media\/7555"}],"wp:attachment":[{"href":"https:\/\/friburgonoticias.com.br\/temp\/wp-json\/wp\/v2\/media?parent=7554"}],"wp:term":[{"taxonomy":"category","embeddable":true,"href":"https:\/\/friburgonoticias.com.br\/temp\/wp-json\/wp\/v2\/categories?post=7554"},{"taxonomy":"post_tag","embeddable":true,"href":"https:\/\/friburgonoticias.com.br\/temp\/wp-json\/wp\/v2\/tags?post=7554"}],"curies":[{"name":"wp","href":"https:\/\/api.w.org\/{rel}","templated":true}]}}