{"id":7556,"date":"2026-02-24T20:18:00","date_gmt":"2026-02-24T20:18:00","guid":{"rendered":"https:\/\/friburgonoticias.com.br\/temp\/2026\/02\/24\/deputados-aprovam-obrigatoriedade-de-comprovantes-online-de-cobrancas-por-gatos-de-luz\/"},"modified":"2026-02-24T20:18:00","modified_gmt":"2026-02-24T20:18:00","slug":"deputados-aprovam-obrigatoriedade-de-comprovantes-online-de-cobrancas-por-gatos-de-luz","status":"publish","type":"post","link":"https:\/\/friburgonoticias.com.br\/temp\/2026\/02\/24\/deputados-aprovam-obrigatoriedade-de-comprovantes-online-de-cobrancas-por-gatos-de-luz\/","title":{"rendered":"Deputados aprovam obrigatoriedade de comprovantes online de cobran\u00e7as por &#8216;gatos&#8217; de luz"},"content":{"rendered":"<p><\/p>\n<div itemprop=\"articleBody\">\nOs deputados da Assembleia Legislativa do Rio de Janeiro (Alerj) aprovaram, nesta ter\u00e7a-feira (24), um projeto de lei que obriga <a href=\"https:\/\/temporealrj.com\/apagao-atinge-ruas-de-copacabana-e-do-leme-moradores-estao-ha-mais-de-8-horas-sem-luz\/\">concession\u00e1rias de energia<\/a> a disponibilizarem, em seus sites, os comprovantes de pagamento feitos por consumidores em casos de cobran\u00e7a por irregularidades na conta de luz.<\/p>\n<p>O texto prev\u00ea multa equivalente a cem vezes o valor cobrado indevidamente, podendo dobrar em caso de reincid\u00eancia, al\u00e9m das penalidades previstas no C\u00f3digo de Defesa do Consumidor.<\/p>\n<p>Agora, o projeto segue agora para san\u00e7\u00e3o ou veto do governador Cl\u00e1udio Castro (PL).<\/p>\n<h2 class=\"wp-block-heading\">Nova regra pretende ampliar a transpar\u00eancia nas cobran\u00e7as de luz<\/h2>\n<p>A proposta determina que as empresas divulguem os comprovantes relacionados ao chamado Termo de Ocorr\u00eancia de Irregularidade (TOI), documento emitido quando s\u00e3o identificados problemas como suspeita de fraude, furto de energia ou defeito no medidor \u2014 situa\u00e7\u00f5es que podem gerar cobran\u00e7as adicionais ao consumidor.<\/p>\n<p>Pela nova regra, os comprovantes dever\u00e3o ficar dispon\u00edveis nos canais digitais das concession\u00e1rias, permitindo que o cliente tenha acesso facilitado ao registro do pagamento e \u00e0s informa\u00e7\u00f5es sobre a cobran\u00e7a. O projeto \u00e9 de autoria do deputado Rodrigo Amorim (Uni\u00e3o).\n<\/p><\/div>\n<p><\/a><\/p>\n<p>Fonte: temporealrj.com<\/p>\n","protected":false},"excerpt":{"rendered":"<p>Os deputados da Assembleia Legislativa do Rio de Janeiro (Alerj) aprovaram, nesta ter\u00e7a-feira (24), um projeto de lei que obriga concession\u00e1rias de energia a disponibilizarem, em seus sites, os comprovantes de pagamento feitos por consumidores em casos de cobran\u00e7a por irregularidades na conta de luz. O texto prev\u00ea multa equivalente a cem vezes o valor [&hellip;]<\/p>\n","protected":false},"author":3,"featured_media":7557,"comment_status":"open","ping_status":"open","sticky":false,"template":"","format":"standard","meta":{"advanced_seo_description":"","jetpack_seo_html_title":"","jetpack_seo_noindex":false,"fifu_image_url":"https:\/\/temporealrj.com\/wp-content\/uploads\/2026\/02\/conta-light-setembro-de-2021-e1770665951533.webp","fifu_image_alt":"","_jetpack_memberships_contains_paid_content":false,"footnotes":"","jetpack_publicize_message":"","jetpack_publicize_feature_enabled":true,"jetpack_social_post_already_shared":true,"jetpack_social_options":{"image_generator_settings":{"template":"highway","default_image_id":0,"font":"","enabled":false},"version":2}},"categories":[107],"tags":[],"class_list":{"0":"post-7556","1":"post","2":"type-post","3":"status-publish","4":"format-standard","5":"has-post-thumbnail","7":"category-economia"},"jetpack_publicize_connections":[],"jetpack_featured_media_url":"https:\/\/i0.wp.com\/temporealrj.com\/wp-content\/uploads\/2026\/02\/conta-light-setembro-de-2021-e1770665951533.webp?fit=%2C&ssl=1","jetpack_sharing_enabled":true,"jetpack-related-posts":[],"_links":{"self":[{"href":"https:\/\/friburgonoticias.com.br\/temp\/wp-json\/wp\/v2\/posts\/7556","targetHints":{"allow":["GET"]}}],"collection":[{"href":"https:\/\/friburgonoticias.com.br\/temp\/wp-json\/wp\/v2\/posts"}],"about":[{"href":"https:\/\/friburgonoticias.com.br\/temp\/wp-json\/wp\/v2\/types\/post"}],"author":[{"embeddable":true,"href":"https:\/\/friburgonoticias.com.br\/temp\/wp-json\/wp\/v2\/users\/3"}],"replies":[{"embeddable":true,"href":"https:\/\/friburgonoticias.com.br\/temp\/wp-json\/wp\/v2\/comments?post=7556"}],"version-history":[{"count":0,"href":"https:\/\/friburgonoticias.com.br\/temp\/wp-json\/wp\/v2\/posts\/7556\/revisions"}],"wp:featuredmedia":[{"embeddable":true,"href":"https:\/\/friburgonoticias.com.br\/temp\/wp-json\/wp\/v2\/media\/7557"}],"wp:attachment":[{"href":"https:\/\/friburgonoticias.com.br\/temp\/wp-json\/wp\/v2\/media?parent=7556"}],"wp:term":[{"taxonomy":"category","embeddable":true,"href":"https:\/\/friburgonoticias.com.br\/temp\/wp-json\/wp\/v2\/categories?post=7556"},{"taxonomy":"post_tag","embeddable":true,"href":"https:\/\/friburgonoticias.com.br\/temp\/wp-json\/wp\/v2\/tags?post=7556"}],"curies":[{"name":"wp","href":"https:\/\/api.w.org\/{rel}","templated":true}]}}