{"id":7562,"date":"2026-02-24T21:28:07","date_gmt":"2026-02-24T21:28:07","guid":{"rendered":"https:\/\/friburgonoticias.com.br\/temp\/2026\/02\/24\/espera-por-avaliacao-neuropsicologica-no-sus-pode-chegar-a-quatro-anos-aponta-audiencia-na-camara-noticias\/"},"modified":"2026-02-24T21:28:07","modified_gmt":"2026-02-24T21:28:07","slug":"espera-por-avaliacao-neuropsicologica-no-sus-pode-chegar-a-quatro-anos-aponta-audiencia-na-camara-noticias","status":"publish","type":"post","link":"https:\/\/friburgonoticias.com.br\/temp\/2026\/02\/24\/espera-por-avaliacao-neuropsicologica-no-sus-pode-chegar-a-quatro-anos-aponta-audiencia-na-camara-noticias\/","title":{"rendered":"Espera por avalia\u00e7\u00e3o neuropsicol\u00f3gica no SUS pode chegar a quatro anos, aponta audi\u00eancia na C\u00e2mara &#8211; Not\u00edcias"},"content":{"rendered":"<p><\/p>\n<div>\n<p class=\"g-artigo__data-hora\">\n                      24\/02\/2026 &#8211; 17:29 \u00a0\n                    <\/p>\n<div id=\"image-container-1247146\" class=\"image-container\" style=\"float: none; margin: 45px 0px; width: 100%;\" data-midia=\"1247146\">\n        <em>Renato Ara\u00fajo \/ C\u00e2mara dos Deputados<\/em><\/p>\n<p>        Comiss\u00e3o da C\u00e2mara que discute proposta de Pol\u00edtica Nacional Para Pessoas Com Autismo\n        <\/p><\/div>\n<p>        A C\u00e2mara dos Deputados realizou, nesta ter\u00e7a-feira (24), audi\u00eancia p\u00fablica para debater o diagn\u00f3stico tardio de pessoas com transtorno do espectro autista (TEA) e a falta de pol\u00edticas espec\u00edficas para adultos. Participantes do debate afirmaram que a espera por avalia\u00e7\u00e3o neuropsicol\u00f3gica no Sistema \u00danico de Sa\u00fade (SUS) pode chegar a quatro anos.<br \/>\n        O assunto foi debatido na Comiss\u00e3o Especial sobre a Pol\u00edtica Nacional para Pessoas com Transtorno do Espectro Autista, que analisa o <a class=\"linkProposicao\" href=\"https:\/\/www.camara.leg.br\/noticias\/1247110-projeto-cria-politica-nacional-dos-direitos-da-pessoa-com-autismo\">Projeto de Lei 3080\/20<\/a>.<br \/>\n        <strong>Falta de dados<br \/><\/strong>A deputada Maria Rosas (Republicanos-SP), que presidiu a reuni\u00e3o, defendeu a produ\u00e7\u00e3o de dados estat\u00edsticos para orientar pol\u00edticas p\u00fablicas.<br \/>\n        \u201cSem dados, n\u00e3o conseguimos saber quantas pessoas precisam de atendimento. Precisamos enfrentar as brechas que hoje n\u00e3o recebem aten\u00e7\u00e3o\u201d, afirmou.<br \/>\n        O coordenador-geral de Sa\u00fade da Pessoa com Defici\u00eancia do Minist\u00e9rio da Sa\u00fade, Artur Almeida Medeiros, informou que a pasta lan\u00e7ou, em setembro, uma Linha de Cuidado para pessoas com TEA. O documento organiza o atendimento no SUS e estabelece a Aten\u00e7\u00e3o Prim\u00e1ria como porta de entrada.<br \/>\n        Segundo Medeiros, sinais de autismo em adultos podem ser confundidos ou n\u00e3o identificados, o que exige profissionais capacitados. Ele disse que o minist\u00e9rio ainda n\u00e3o tem dados espec\u00edficos sobre diagn\u00f3stico tardio e que trabalha para incluir a identifica\u00e7\u00e3o de pessoa com defici\u00eancia e de TEA nos sistemas de informa\u00e7\u00e3o do SUS.<br \/>\n        <strong>Mercado de trabalho e ensino superior<br \/><\/strong>O presidente da Associa\u00e7\u00e3o Nacional para Inclus\u00e3o de Pessoas Autistas, Guilherme de Almeida, afirmou que h\u00e1 poucos dados sobre a situa\u00e7\u00e3o de adultos com autismo, especialmente acima dos 45 anos.<br \/>\n        Ele apresentou estimativas:<\/p>\n<ul>\n<li>Emprego: segundo estimativas da Organiza\u00e7\u00e3o das Na\u00e7\u00f5es Unidas (ONU), cerca de 20% das pessoas com autismo est\u00e3o no mercado formal de trabalho.<\/li>\n<li>Ensino superior: apenas 0,8% da popula\u00e7\u00e3o autista brasileira conclui a gradua\u00e7\u00e3o.<\/li>\n<li>SUS: a espera por avalia\u00e7\u00e3o neuropsicol\u00f3gica pode chegar a quatro anos.<\/li>\n<\/ul>\n<p>        Diagnosticado aos 36 anos, Almeida defendeu a cria\u00e7\u00e3o de protocolo espec\u00edfico para rastreamento de autismo em adultos e a implementa\u00e7\u00e3o de um programa nacional de emprego apoiado.<br \/>\n        \u201cO diagn\u00f3stico tardio \u00e9 libertador. Agora sei que n\u00e3o sou louco, depressivo ou burro\u201d, relatou, ao citar o depoimento de uma mulher com autismo.<br \/>\n        <strong>Atendimento ap\u00f3s os 18 anos<br \/><\/strong>A vice-presidente do movimento Orgulho Autista Brasil, Viviane Pereira Guimar\u00e3es, criticou a interrup\u00e7\u00e3o do atendimento ap\u00f3s os 18 anos.<br \/>\n        \u201cNossas terapias v\u00e3o at\u00e9 os 18 anos. Depois disso, a pessoa deixa de ser acompanhada pela rede e perde apoio social\u201d, afirmou.<br \/>\n        Ela tamb\u00e9m relatou casos de servidores p\u00fablicos que tiveram o diagn\u00f3stico de TEA questionado em per\u00edcias m\u00e9dicas ao solicitarem adapta\u00e7\u00e3o da jornada de trabalho, como o regime de trabalho remoto.<br \/>\n        Segundo Viviane, profissionais sem forma\u00e7\u00e3o espec\u00edfica em sa\u00fade mental t\u00eam desconsiderado laudos especializados.<br \/>\n        <strong>Pr\u00f3ximos passos<\/strong><br \/>Ao final da audi\u00eancia, o colegiado aprovou requerimentos para realizar semin\u00e1rios regionais em munic\u00edpios de S\u00e3o Paulo, Mato Grosso do Sul e Rio Grande do Norte. O objetivo \u00e9 ampliar o debate sobre o <a class=\"linkProposicao\" href=\"https:\/\/www.camara.leg.br\/noticias\/1247110-projeto-cria-politica-nacional-dos-direitos-da-pessoa-com-autismo\">Projeto de Lei 3080\/20<\/a>, que institui a Pol\u00edtica Nacional para Pessoas com Autismo.<br \/>\n        \u00a0<br \/>\n        <iframe class=\"infografico-container\" style=\"width: 100%; height: 100%;\" src=\"https:\/\/www.camara.leg.br\/internet\/agencia\/infograficos-html5\/transtorno-autismo-completa\/index.html\" frameborder=\"0\" data-mce-fragment=\"1\"><\/iframe><br \/>\n        \u00a0<\/p>\n<p style=\"font-size: 0.8rem; font-weight: 700;\">Da Reda\u00e7\u00e3o &#8211; GM<\/p>\n<\/p><\/div>\n<p><\/a><\/p>\n<p>Fonte: www.camara.leg.br<\/p>\n","protected":false},"excerpt":{"rendered":"<p>24\/02\/2026 &#8211; 17:29 \u00a0 Renato Ara\u00fajo \/ C\u00e2mara dos Deputados Comiss\u00e3o da C\u00e2mara que discute proposta de Pol\u00edtica Nacional Para Pessoas Com Autismo A C\u00e2mara dos Deputados realizou, nesta ter\u00e7a-feira (24), audi\u00eancia p\u00fablica para debater o diagn\u00f3stico tardio de pessoas com transtorno do espectro autista (TEA) e a falta de pol\u00edticas espec\u00edficas para adultos. Participantes [&hellip;]<\/p>\n","protected":false},"author":3,"featured_media":7563,"comment_status":"open","ping_status":"open","sticky":false,"template":"","format":"standard","meta":{"advanced_seo_description":"","jetpack_seo_html_title":"","jetpack_seo_noindex":false,"fifu_image_url":"https:\/\/www.camara.leg.br\/midias\/image\/2026\/02\/img20260224154308303-768x473.jpg","fifu_image_alt":"","_jetpack_memberships_contains_paid_content":false,"footnotes":"","jetpack_publicize_message":"","jetpack_publicize_feature_enabled":true,"jetpack_social_post_already_shared":true,"jetpack_social_options":{"image_generator_settings":{"template":"highway","default_image_id":0,"font":"","enabled":false},"version":2}},"categories":[106,1],"tags":[],"class_list":{"0":"post-7562","1":"post","2":"type-post","3":"status-publish","4":"format-standard","5":"has-post-thumbnail","7":"category-politica","8":"category-uncategorized"},"jetpack_publicize_connections":[],"jetpack_featured_media_url":"https:\/\/i0.wp.com\/www.camara.leg.br\/midias\/image\/2026\/02\/img20260224154308303-768x473.jpg?fit=%2C&ssl=1","jetpack_sharing_enabled":true,"jetpack-related-posts":[],"_links":{"self":[{"href":"https:\/\/friburgonoticias.com.br\/temp\/wp-json\/wp\/v2\/posts\/7562","targetHints":{"allow":["GET"]}}],"collection":[{"href":"https:\/\/friburgonoticias.com.br\/temp\/wp-json\/wp\/v2\/posts"}],"about":[{"href":"https:\/\/friburgonoticias.com.br\/temp\/wp-json\/wp\/v2\/types\/post"}],"author":[{"embeddable":true,"href":"https:\/\/friburgonoticias.com.br\/temp\/wp-json\/wp\/v2\/users\/3"}],"replies":[{"embeddable":true,"href":"https:\/\/friburgonoticias.com.br\/temp\/wp-json\/wp\/v2\/comments?post=7562"}],"version-history":[{"count":0,"href":"https:\/\/friburgonoticias.com.br\/temp\/wp-json\/wp\/v2\/posts\/7562\/revisions"}],"wp:featuredmedia":[{"embeddable":true,"href":"https:\/\/friburgonoticias.com.br\/temp\/wp-json\/wp\/v2\/media\/7563"}],"wp:attachment":[{"href":"https:\/\/friburgonoticias.com.br\/temp\/wp-json\/wp\/v2\/media?parent=7562"}],"wp:term":[{"taxonomy":"category","embeddable":true,"href":"https:\/\/friburgonoticias.com.br\/temp\/wp-json\/wp\/v2\/categories?post=7562"},{"taxonomy":"post_tag","embeddable":true,"href":"https:\/\/friburgonoticias.com.br\/temp\/wp-json\/wp\/v2\/tags?post=7562"}],"curies":[{"name":"wp","href":"https:\/\/api.w.org\/{rel}","templated":true}]}}