{"id":7566,"date":"2026-02-24T23:28:12","date_gmt":"2026-02-24T23:28:12","guid":{"rendered":"https:\/\/friburgonoticias.com.br\/temp\/2026\/02\/24\/paes-publica-tbt-com-capitao-nelson-numa-terca-feira-em-que-o-pl-escolhe-o-filho-do-homem-para-ser-o-seu-adversario\/"},"modified":"2026-02-24T23:28:12","modified_gmt":"2026-02-24T23:28:12","slug":"paes-publica-tbt-com-capitao-nelson-numa-terca-feira-em-que-o-pl-escolhe-o-filho-do-homem-para-ser-o-seu-adversario","status":"publish","type":"post","link":"https:\/\/friburgonoticias.com.br\/temp\/2026\/02\/24\/paes-publica-tbt-com-capitao-nelson-numa-terca-feira-em-que-o-pl-escolhe-o-filho-do-homem-para-ser-o-seu-adversario\/","title":{"rendered":"Paes publica #tbt com Capit\u00e3o Nelson, numa ter\u00e7a-feira em que o PL escolhe o filho do homem para ser o seu advers\u00e1rio"},"content":{"rendered":"<p><\/p>\n<div itemprop=\"articleBody\">\nAp\u00f3s \u2018c\u00fapula do PL\u2019 \u2014 <a href=\"https:\/\/temporealrj.com\/pl-confirma-douglas-rogerio\/\">formada pelo governador Cl\u00e1udio Castro; senador Fl\u00e1vio Bolsonaro e o presidente estadual do PL, Altineu C\u00f4rtes<\/a> \u2014 chegar a um consenso sobre o candidato do partido ao governo do estado nas elei\u00e7\u00f5es de outubro \u2014 o secret\u00e1rio estadual das Cidades, Douglas Ruas, filho do prefeito de S\u00e3o Gon\u00e7alo, Capit\u00e3o Nelson Ruas (PL) \u2014 Eduardo Paes (PSD) publicou um #tbt sem suas redes sociais relembrando o encontro que teve com o pol\u00edtico gon\u00e7alense em que a Prefeitura do Rio cedeu um valor milion\u00e1rio por ano relativo aos royalties do petr\u00f3leo do Rio \u2014 R$ 200 milh\u00f5es. <\/p>\n<div class=\"wp-block-image\">\n<figure class=\"aligncenter size-large\"><img loading=\"lazy\" decoding=\"async\" width=\"660\" height=\"1024\" src=\"https:\/\/temporealrj.com\/wp-content\/uploads\/2026\/02\/WhatsApp-Image-2026-02-24-at-18.57.51-1-660x1024.jpeg\" alt=\"WhatsApp Image 2026 02 24 at 18.57.51 1\" class=\"wp-image-120497\" title=\"'D\u00e9j\u00e0 vu\u2019: Paes publica #tbt com Capit\u00e3o Nelson, numa ter\u00e7a-feira em que o PL escolhe o filho do homem para ser o seu advers\u00e1rio 62\" srcset=\"https:\/\/temporealrj.com\/wp-content\/uploads\/2026\/02\/WhatsApp-Image-2026-02-24-at-18.57.51-1-660x1024.jpeg 660w, https:\/\/temporealrj.com\/wp-content\/uploads\/2026\/02\/WhatsApp-Image-2026-02-24-at-18.57.51-1-194x300.jpeg 194w, https:\/\/temporealrj.com\/wp-content\/uploads\/2026\/02\/WhatsApp-Image-2026-02-24-at-18.57.51-1-768x1191.jpeg 768w, https:\/\/temporealrj.com\/wp-content\/uploads\/2026\/02\/WhatsApp-Image-2026-02-24-at-18.57.51-1-991x1536.jpeg 991w, https:\/\/temporealrj.com\/wp-content\/uploads\/2026\/02\/WhatsApp-Image-2026-02-24-at-18.57.51-1-860x1333.jpeg 860w, https:\/\/temporealrj.com\/wp-content\/uploads\/2026\/02\/WhatsApp-Image-2026-02-24-at-18.57.51-1.jpeg 1032w\" sizes=\"auto, (max-width: 660px) 100vw, 660px\"\/><figcaption class=\"wp-element-caption\">A publica\u00e7\u00e3o de Eduardo Paes (PSD) foi feita logo ap\u00f3s confirma\u00e7\u00e3o da c\u00fapula do PL sobre candidatura de Douglas Ruas (PL) ao governo do estado \u2014 Foto: Reprodu\u00e7\u00e3o\/Redes Sociais<\/figcaption><\/figure>\n<\/div>\n<p>\u201cIn\u00edcio de noite na Prefeitura do Rio e o TBT de hoje \u00e9 lembrando das palavras do prefeito Capit\u00e3o Nelson, quando cedemos cerca de R$ 200 milh\u00f5es por ano dos royalties do petr\u00f3leo do Rio para ajudar o povo de S\u00e3o Gon\u00e7alo a ter uma vida melhor. Seguirei trabalhando muito por S\u00e3o Gon\u00e7alo!\u201d, escreveu Paes na noite desta ter\u00e7a-feira (24), fora do tradicional dia da semana em que se utiliza o Throwback Thursday \u2014 usado para relembrar momentos marcantes. <\/p>\n<figure class=\"wp-block-video aligncenter\"><video controls=\"\" src=\"https:\/\/temporealrj.com\/wp-content\/uploads\/2026\/02\/snapinsta.com_.br_.instagram.video_.20260224.215544.mp4\"\/><figcaption class=\"wp-element-caption\">O v\u00eddeo publicado por Paes (PSD) relembra o encontro do prefeito do Rio com o prefeito de S\u00e3o Gon\u00e7alo, Capit\u00e3o Nelson Ruas (PL) \u2014 V\u00eddeo: Reprodu\u00e7\u00e3o\/Redes Sociais <\/figcaption><\/figure>\n<p>O vice do filho do Capit\u00e3o Nelson tamb\u00e9m j\u00e1 foi escolhido e ser\u00e1 o ex-prefeito de Nova Igua\u00e7u Rog\u00e9rio Lisboa, do PP. Para o Senado, Castro ter\u00e1 a companhia do prefeito de Belford Roxo, M\u00e1rcio Canella, do Uni\u00e3o Brasil.<\/p>\n<h2 class=\"wp-block-heading\">Terceiro maior col\u00e9gio eleitoral do estado<\/h2>\n<p>Sendo o terceiro maior col\u00e9gio eleitoral do estado, o munic\u00edpio de S\u00e3o Gon\u00e7alo, na regi\u00e3o metropolitana do Rio de Janeiro, conta cerca de 665 mil eleitores \u2014 o que compete \u00e0 cidade import\u00e2ncia hist\u00f3rica nas elei\u00e7\u00f5es estaduais.<\/p>\n<\/div>\n<p><\/a><\/p>\n<p>Fonte: temporealrj.com<\/p>\n","protected":false},"excerpt":{"rendered":"<p>Ap\u00f3s \u2018c\u00fapula do PL\u2019 \u2014 formada pelo governador Cl\u00e1udio Castro; senador Fl\u00e1vio Bolsonaro e o presidente estadual do PL, Altineu C\u00f4rtes \u2014 chegar a um consenso sobre o candidato do partido ao governo do estado nas elei\u00e7\u00f5es de outubro \u2014 o secret\u00e1rio estadual das Cidades, Douglas Ruas, filho do prefeito de S\u00e3o Gon\u00e7alo, Capit\u00e3o Nelson [&hellip;]<\/p>\n","protected":false},"author":3,"featured_media":7567,"comment_status":"open","ping_status":"open","sticky":false,"template":"","format":"standard","meta":{"advanced_seo_description":"","jetpack_seo_html_title":"","jetpack_seo_noindex":false,"fifu_image_url":"https:\/\/temporealrj.com\/wp-content\/uploads\/2026\/02\/WhatsApp-Image-2026-02-24-at-18.57.51-e1771971977876.jpeg","fifu_image_alt":"","_jetpack_memberships_contains_paid_content":false,"footnotes":"","jetpack_publicize_message":"","jetpack_publicize_feature_enabled":true,"jetpack_social_post_already_shared":true,"jetpack_social_options":{"image_generator_settings":{"template":"highway","default_image_id":0,"font":"","enabled":false},"version":2}},"categories":[107],"tags":[],"class_list":{"0":"post-7566","1":"post","2":"type-post","3":"status-publish","4":"format-standard","5":"has-post-thumbnail","7":"category-economia"},"jetpack_publicize_connections":[],"jetpack_featured_media_url":"https:\/\/i0.wp.com\/temporealrj.com\/wp-content\/uploads\/2026\/02\/WhatsApp-Image-2026-02-24-at-18.57.51-e1771971977876.jpeg?fit=%2C&ssl=1","jetpack_sharing_enabled":true,"jetpack-related-posts":[],"_links":{"self":[{"href":"https:\/\/friburgonoticias.com.br\/temp\/wp-json\/wp\/v2\/posts\/7566","targetHints":{"allow":["GET"]}}],"collection":[{"href":"https:\/\/friburgonoticias.com.br\/temp\/wp-json\/wp\/v2\/posts"}],"about":[{"href":"https:\/\/friburgonoticias.com.br\/temp\/wp-json\/wp\/v2\/types\/post"}],"author":[{"embeddable":true,"href":"https:\/\/friburgonoticias.com.br\/temp\/wp-json\/wp\/v2\/users\/3"}],"replies":[{"embeddable":true,"href":"https:\/\/friburgonoticias.com.br\/temp\/wp-json\/wp\/v2\/comments?post=7566"}],"version-history":[{"count":0,"href":"https:\/\/friburgonoticias.com.br\/temp\/wp-json\/wp\/v2\/posts\/7566\/revisions"}],"wp:featuredmedia":[{"embeddable":true,"href":"https:\/\/friburgonoticias.com.br\/temp\/wp-json\/wp\/v2\/media\/7567"}],"wp:attachment":[{"href":"https:\/\/friburgonoticias.com.br\/temp\/wp-json\/wp\/v2\/media?parent=7566"}],"wp:term":[{"taxonomy":"category","embeddable":true,"href":"https:\/\/friburgonoticias.com.br\/temp\/wp-json\/wp\/v2\/categories?post=7566"},{"taxonomy":"post_tag","embeddable":true,"href":"https:\/\/friburgonoticias.com.br\/temp\/wp-json\/wp\/v2\/tags?post=7566"}],"curies":[{"name":"wp","href":"https:\/\/api.w.org\/{rel}","templated":true}]}}