{"id":7574,"date":"2026-02-25T11:38:10","date_gmt":"2026-02-25T11:38:10","guid":{"rendered":"https:\/\/friburgonoticias.com.br\/temp\/2026\/02\/25\/biblioteca-publica-benjamim-lemos-realiza-noite-de-jogos-nesta-quinta-feira\/"},"modified":"2026-02-25T11:38:10","modified_gmt":"2026-02-25T11:38:10","slug":"biblioteca-publica-benjamim-lemos-realiza-noite-de-jogos-nesta-quinta-feira","status":"publish","type":"post","link":"https:\/\/friburgonoticias.com.br\/temp\/2026\/02\/25\/biblioteca-publica-benjamim-lemos-realiza-noite-de-jogos-nesta-quinta-feira\/","title":{"rendered":"Biblioteca P\u00fablica Benjamim Lemos realiza noite de jogos nesta quinta-feira"},"content":{"rendered":"<p><\/p>\n<div data-id=\"e4a9c54\" data-element_type=\"widget\" data-widget_type=\"theme-post-content.default\">\n<p>Por Geovanna Zanaki<\/p>\n<p>Nesta quinta-feira (26), a Biblioteca P\u00fablica Benjamim Lemos, em Mariana, recebe o evento \u201cVem Brincar\u201d. A atividade integra a 15\u00aa edi\u00e7\u00e3o da Noite Mineira de Museus e Bibliotecas, iniciativa do Governo de Minas, por meio da Secretaria de Estado de Cultura e Turismo de Minas Gerais (SECULT-MG), que tem como objetivo incentivar a ocupa\u00e7\u00e3o de espa\u00e7os p\u00fablicos culturais, como museus e bibliotecas, fortalecendo a cultura local.<\/p>\n<p>Realizado bimestralmente, o programa amplia o hor\u00e1rio de funcionamento dos espa\u00e7os participantes a partir das 18h e oferece programa\u00e7\u00e3o gratuita, com saraus, exposi\u00e7\u00f5es e visitas guiadas. Nesta data, a biblioteca n\u00e3o funcionar\u00e1 no per\u00edodo da manh\u00e3 e atender\u00e1 das 14h \u00e0s 22h.<\/p>\n<p>A programa\u00e7\u00e3o do \u201cVem Brincar\u201d ter\u00e1 in\u00edcio \u00e0s 18h, com noite de jogos de tabuleiro aberta ao p\u00fablico. Ser\u00e1 poss\u00edvel utilizar os jogos dispon\u00edveis no acervo da biblioteca ou levar op\u00e7\u00f5es de casa para compartilhar a experi\u00eancia.<\/p>\n<p>A Biblioteca P\u00fablica Benjamim Lemos est\u00e1 localizada na Rua Bar\u00e3o de Camargos, 59, pr\u00f3xima \u00e0 Pra\u00e7a Freire Gomes (Jardim).\n                <\/p><\/div>\n<p><\/a><\/p>\n<p>Fonte: territorionoticias.com.br<\/p>\n","protected":false},"excerpt":{"rendered":"<p>Por Geovanna Zanaki Nesta quinta-feira (26), a Biblioteca P\u00fablica Benjamim Lemos, em Mariana, recebe o evento \u201cVem Brincar\u201d. A atividade integra a 15\u00aa edi\u00e7\u00e3o da Noite Mineira de Museus e Bibliotecas, iniciativa do Governo de Minas, por meio da Secretaria de Estado de Cultura e Turismo de Minas Gerais (SECULT-MG), que tem como objetivo incentivar [&hellip;]<\/p>\n","protected":false},"author":3,"featured_media":7575,"comment_status":"open","ping_status":"open","sticky":false,"template":"","format":"standard","meta":{"advanced_seo_description":"","jetpack_seo_html_title":"","jetpack_seo_noindex":false,"fifu_image_url":"https:\/\/territorionoticias.com.br\/wp-content\/uploads\/2026\/02\/IMG_4448.png","fifu_image_alt":"","_jetpack_memberships_contains_paid_content":false,"footnotes":"","jetpack_publicize_message":"","jetpack_publicize_feature_enabled":true,"jetpack_social_post_already_shared":true,"jetpack_social_options":{"image_generator_settings":{"template":"highway","default_image_id":0,"font":"","enabled":false},"version":2}},"categories":[105],"tags":[],"class_list":{"0":"post-7574","1":"post","2":"type-post","3":"status-publish","4":"format-standard","5":"has-post-thumbnail","7":"category-entretenimento"},"jetpack_publicize_connections":[],"jetpack_featured_media_url":"https:\/\/i0.wp.com\/territorionoticias.com.br\/wp-content\/uploads\/2026\/02\/IMG_4448.png?fit=%2C&ssl=1","jetpack_sharing_enabled":true,"jetpack-related-posts":[],"_links":{"self":[{"href":"https:\/\/friburgonoticias.com.br\/temp\/wp-json\/wp\/v2\/posts\/7574","targetHints":{"allow":["GET"]}}],"collection":[{"href":"https:\/\/friburgonoticias.com.br\/temp\/wp-json\/wp\/v2\/posts"}],"about":[{"href":"https:\/\/friburgonoticias.com.br\/temp\/wp-json\/wp\/v2\/types\/post"}],"author":[{"embeddable":true,"href":"https:\/\/friburgonoticias.com.br\/temp\/wp-json\/wp\/v2\/users\/3"}],"replies":[{"embeddable":true,"href":"https:\/\/friburgonoticias.com.br\/temp\/wp-json\/wp\/v2\/comments?post=7574"}],"version-history":[{"count":0,"href":"https:\/\/friburgonoticias.com.br\/temp\/wp-json\/wp\/v2\/posts\/7574\/revisions"}],"wp:featuredmedia":[{"embeddable":true,"href":"https:\/\/friburgonoticias.com.br\/temp\/wp-json\/wp\/v2\/media\/7575"}],"wp:attachment":[{"href":"https:\/\/friburgonoticias.com.br\/temp\/wp-json\/wp\/v2\/media?parent=7574"}],"wp:term":[{"taxonomy":"category","embeddable":true,"href":"https:\/\/friburgonoticias.com.br\/temp\/wp-json\/wp\/v2\/categories?post=7574"},{"taxonomy":"post_tag","embeddable":true,"href":"https:\/\/friburgonoticias.com.br\/temp\/wp-json\/wp\/v2\/tags?post=7574"}],"curies":[{"name":"wp","href":"https:\/\/api.w.org\/{rel}","templated":true}]}}