{"id":7596,"date":"2026-02-25T18:48:08","date_gmt":"2026-02-25T18:48:08","guid":{"rendered":"https:\/\/friburgonoticias.com.br\/temp\/2026\/02\/25\/comissao-do-senado-convida-ministros-de-lula-para-esclarecimentos-sobre-gastos-do-carnaval-no-rio\/"},"modified":"2026-02-25T18:48:08","modified_gmt":"2026-02-25T18:48:08","slug":"comissao-do-senado-convida-ministros-de-lula-para-esclarecimentos-sobre-gastos-do-carnaval-no-rio","status":"publish","type":"post","link":"https:\/\/friburgonoticias.com.br\/temp\/2026\/02\/25\/comissao-do-senado-convida-ministros-de-lula-para-esclarecimentos-sobre-gastos-do-carnaval-no-rio\/","title":{"rendered":"Comiss\u00e3o do Senado convida ministros de Lula para esclarecimentos sobre gastos do carnaval no Rio"},"content":{"rendered":"<p><\/p>\n<div itemprop=\"articleBody\">\nA Comiss\u00e3o de Transpar\u00eancia, Governan\u00e7a, Fiscaliza\u00e7\u00e3o e Controle e Defesa do Consumidor (CTFC) do Senado aprovou, nesta quarta-feira (25), convites e convoca\u00e7\u00f5es de ministros do presidente <a href=\"https:\/\/temporealrj.com\/lula-reage-a-criticas-sobre-polemico-desfile-em-sua-homenagem-na-sapucai-nao-sou-carnavalesco\/\">Luiz In\u00e1cio Lula da Silva (PT)<\/a> para prestar esclarecimentos sobre gastos no carnaval do Rio. <\/p>\n<p>Os requerimentos \u2014 apresentados pelo senador Dr. Hiran (PP-RR) \u2014 alegam que os convites aos ministros Sid\u00f4nio Palmeira \u2014 da Secretaria de Comunica\u00e7\u00e3o Social \u2014, e Margareth Menezes \u2014 da Cultura \u2014 tem como intuito \u201cprestar informa\u00e7\u00f5es sobre termo de coopera\u00e7\u00e3o t\u00e9cnica entre a Embratur e a Liga Independente das Escolas de Samba do Rio de Janeiro (Liesa), com a interveni\u00eancia do Minist\u00e9rio da Cultura (MinC), que assegurou um investimento de R$ 12 milh\u00f5es para as 12 escolas do Grupo Especial do Carnaval Carioca no ano de 2026, al\u00e9m de esclarecer os repasses realizados nos anos anteriores\u201d.<\/p>\n<p>A Comiss\u00e3o alega envolvimento de dinheiro p\u00fablico na escola de samba <a href=\"https:\/\/temporealrj.com\/arquidiocese-oab-academicos-niteroi-lula\/\">Acad\u00eamicos de Niter\u00f3i \u2014 rebaixada para a S\u00e9rie Ouro <\/a>\u2014, que teve como enredo uma homenagem \u00e0 vida de Lula (PT) \u2014 e que houve propaganda eleitoral antecipada. <\/p>\n<p>Tamb\u00e9m estava prevista a vota\u00e7\u00e3o para o convite ao presidente da Embratur, Marcelo Freixo, mas foi retirada de pauta.<\/p>\n<h2 class=\"wp-block-heading\">Valores recebidos pelas escolas de samba do Rio para o carnaval 2026 <\/h2>\n<p>O governo federal realizou o repasse de R$ 12 milh\u00f5es para a <a href=\"https:\/\/temporealrj.com\/pp-liesa-visita-lula-sapucai\/\">Liesa (Liga Independente das Escolas de Samba do Rio de Janeiro)<\/a>, onde cada uma das 12 agremia\u00e7\u00f5es recebeu R$ 1 milh\u00e3o para o carnaval de 2026. O acordo previa a distribui\u00e7\u00e3o igualit\u00e1ria do valor entre as escolas de samba do Grupo Especial e foi firmado pela Embratur, pelo Minist\u00e9rio da Cultura e pela Liga Independente das Escolas de Samba do Rio de Janeiro (Liesa).<\/p>\n<p>Com informa\u00e7\u00f5es do Metr\u00f3poles.\n<\/p><\/div>\n<p><\/a><\/p>\n<p>Fonte: temporealrj.com<\/p>\n","protected":false},"excerpt":{"rendered":"<p>A Comiss\u00e3o de Transpar\u00eancia, Governan\u00e7a, Fiscaliza\u00e7\u00e3o e Controle e Defesa do Consumidor (CTFC) do Senado aprovou, nesta quarta-feira (25), convites e convoca\u00e7\u00f5es de ministros do presidente Luiz In\u00e1cio Lula da Silva (PT) para prestar esclarecimentos sobre gastos no carnaval do Rio. Os requerimentos \u2014 apresentados pelo senador Dr. Hiran (PP-RR) \u2014 alegam que os convites [&hellip;]<\/p>\n","protected":false},"author":3,"featured_media":7597,"comment_status":"open","ping_status":"open","sticky":false,"template":"","format":"standard","meta":{"advanced_seo_description":"","jetpack_seo_html_title":"","jetpack_seo_noindex":false,"fifu_image_url":"https:\/\/temporealrj.com\/wp-content\/uploads\/2026\/02\/comissao-senado-carnaval-lula-e1772042417121.jpeg","fifu_image_alt":"","_jetpack_memberships_contains_paid_content":false,"footnotes":"","jetpack_publicize_message":"","jetpack_publicize_feature_enabled":true,"jetpack_social_post_already_shared":true,"jetpack_social_options":{"image_generator_settings":{"template":"highway","default_image_id":0,"font":"","enabled":false},"version":2}},"categories":[107],"tags":[],"class_list":{"0":"post-7596","1":"post","2":"type-post","3":"status-publish","4":"format-standard","5":"has-post-thumbnail","7":"category-economia"},"jetpack_publicize_connections":[],"jetpack_featured_media_url":"https:\/\/i0.wp.com\/temporealrj.com\/wp-content\/uploads\/2026\/02\/comissao-senado-carnaval-lula-e1772042417121.jpeg?fit=%2C&ssl=1","jetpack_sharing_enabled":true,"jetpack-related-posts":[],"_links":{"self":[{"href":"https:\/\/friburgonoticias.com.br\/temp\/wp-json\/wp\/v2\/posts\/7596","targetHints":{"allow":["GET"]}}],"collection":[{"href":"https:\/\/friburgonoticias.com.br\/temp\/wp-json\/wp\/v2\/posts"}],"about":[{"href":"https:\/\/friburgonoticias.com.br\/temp\/wp-json\/wp\/v2\/types\/post"}],"author":[{"embeddable":true,"href":"https:\/\/friburgonoticias.com.br\/temp\/wp-json\/wp\/v2\/users\/3"}],"replies":[{"embeddable":true,"href":"https:\/\/friburgonoticias.com.br\/temp\/wp-json\/wp\/v2\/comments?post=7596"}],"version-history":[{"count":0,"href":"https:\/\/friburgonoticias.com.br\/temp\/wp-json\/wp\/v2\/posts\/7596\/revisions"}],"wp:featuredmedia":[{"embeddable":true,"href":"https:\/\/friburgonoticias.com.br\/temp\/wp-json\/wp\/v2\/media\/7597"}],"wp:attachment":[{"href":"https:\/\/friburgonoticias.com.br\/temp\/wp-json\/wp\/v2\/media?parent=7596"}],"wp:term":[{"taxonomy":"category","embeddable":true,"href":"https:\/\/friburgonoticias.com.br\/temp\/wp-json\/wp\/v2\/categories?post=7596"},{"taxonomy":"post_tag","embeddable":true,"href":"https:\/\/friburgonoticias.com.br\/temp\/wp-json\/wp\/v2\/tags?post=7596"}],"curies":[{"name":"wp","href":"https:\/\/api.w.org\/{rel}","templated":true}]}}