{"id":7598,"date":"2026-02-25T19:27:54","date_gmt":"2026-02-25T19:27:54","guid":{"rendered":"https:\/\/friburgonoticias.com.br\/temp\/2026\/02\/25\/gratificacao-faroeste-procuradoria-da-alerj-defende-no-stf-que-policiais-tem-dever-legal-de-matar\/"},"modified":"2026-02-25T19:27:54","modified_gmt":"2026-02-25T19:27:54","slug":"gratificacao-faroeste-procuradoria-da-alerj-defende-no-stf-que-policiais-tem-dever-legal-de-matar","status":"publish","type":"post","link":"https:\/\/friburgonoticias.com.br\/temp\/2026\/02\/25\/gratificacao-faroeste-procuradoria-da-alerj-defende-no-stf-que-policiais-tem-dever-legal-de-matar\/","title":{"rendered":"Gratifica\u00e7\u00e3o Faroeste: Procuradoria da Alerj defende no STF que policiais t\u00eam &#8216;dever legal de matar&#8217;"},"content":{"rendered":"<p><\/p>\n<div itemprop=\"articleBody\">\nA Procuradoria-Geral da Assembleia Legislativa do Rio (Alerj) enviou um of\u00edcio ao ministro do Supremo Tribunal Federal (STF), Alexandre de Moraes, <a href=\"https:\/\/temporealrj.com\/gratificacao-faroeste-moraes-pede-informacoes-alerj-castro-stf\/\">defendendo o trecho da lei que criou a chamada \u201cgratifica\u00e7\u00e3o faroeste\u201d<\/a> para policiais civis do estado. No documento, a Assembleia afirma que, em situa\u00e7\u00f5es extremas, a atividade policial pode implicar o \u201cdever legal de matar\u201d para proteger v\u00edtimas.<\/p>\n<p>A manifesta\u00e7\u00e3o foi encaminhada em 13 de fevereiro, depois de Moraes solicitar informa\u00e7\u00f5es no \u00e2mbito da A\u00e7\u00e3o Direta de Inconstitucionalidade (ADI) 7921, apresentada pelo PSOL, que questionou a constitucionalidade da lei.<\/p>\n<p>No texto, o procurador argumenta que \u201cn\u00e3o h\u00e1 direta, \u00fanica, absoluta rela\u00e7\u00e3o entre \u2018neutraliza\u00e7\u00e3o de criminosos\u2019 e \u2018abatimento\u2019 de seres humanos\u201d. Segundo ele, a atua\u00e7\u00e3o policial, por ser voltada \u00e0 prote\u00e7\u00e3o da vida, pode exigir, em situa\u00e7\u00f5es extremas, a morte de quem esteja cometendo crime para salvar terceiros.<\/p>\n<p>O trecho que cria a gratifica\u00e7\u00e3o chegou a ser vetado pelo governador Cl\u00e1udio Castro (PL) por motivos financeiros, mas deputados derrubaram a decis\u00e3o em dezembro de 2025. Com isso, a emenda foi promulgada pela pr\u00f3pria Alerj.<\/p>\n<h2 class=\"wp-block-heading\">\u2018Gratifica\u00e7\u00e3o faroeste\u2019 foi promulgada ap\u00f3s derrubada de veto de Castro e prev\u00ea b\u00f4nus de at\u00e9 150% do sal\u00e1rio<\/h2>\n<p>A lei determina que o pagamento da gratifica\u00e7\u00e3o pode variar de 10% a 150% do sal\u00e1rio do servidor em caso de apreens\u00e3o de armas de grande calibre e de uso restrito, durante opera\u00e7\u00f5es policiais, bem como em situa\u00e7\u00f5es de \u201cneutraliza\u00e7\u00e3o de criminosos\u201d.<\/p>\n<p>O of\u00edcio do procurador tentou rebater o argumento de que a medida geraria aumento de despesa p\u00fablica obrigat\u00f3ria. Segundo a Alerj, o pagamento tem natureza de pr\u00eamio eventual e \u201cjamais pode ser reputado como despesa obrigat\u00f3ria de car\u00e1ter continuado\u201d.<\/p>\n<p>Agora, cabe ao STF analisar os argumentos apresentados pela Assembleia e decidir sobre a validade da norma.<\/p>\n<p>Com informa\u00e7\u00f5es do portal \u201cMetr\u00f3poles\u201d.\n<\/p><\/div>\n<p><\/a><\/p>\n<p>Fonte: temporealrj.com<\/p>\n","protected":false},"excerpt":{"rendered":"<p>A Procuradoria-Geral da Assembleia Legislativa do Rio (Alerj) enviou um of\u00edcio ao ministro do Supremo Tribunal Federal (STF), Alexandre de Moraes, defendendo o trecho da lei que criou a chamada \u201cgratifica\u00e7\u00e3o faroeste\u201d para policiais civis do estado. No documento, a Assembleia afirma que, em situa\u00e7\u00f5es extremas, a atividade policial pode implicar o \u201cdever legal de [&hellip;]<\/p>\n","protected":false},"author":3,"featured_media":7599,"comment_status":"open","ping_status":"open","sticky":false,"template":"","format":"standard","meta":{"advanced_seo_description":"","jetpack_seo_html_title":"","jetpack_seo_noindex":false,"fifu_image_url":"https:\/\/temporealrj.com\/wp-content\/uploads\/2025\/09\/mg_7816-scaled-e1759243730546.jpg","fifu_image_alt":"","_jetpack_memberships_contains_paid_content":false,"footnotes":"","jetpack_publicize_message":"","jetpack_publicize_feature_enabled":true,"jetpack_social_post_already_shared":true,"jetpack_social_options":{"image_generator_settings":{"template":"highway","default_image_id":0,"font":"","enabled":false},"version":2}},"categories":[107],"tags":[],"class_list":{"0":"post-7598","1":"post","2":"type-post","3":"status-publish","4":"format-standard","5":"has-post-thumbnail","7":"category-economia"},"jetpack_publicize_connections":[],"jetpack_featured_media_url":"https:\/\/i0.wp.com\/temporealrj.com\/wp-content\/uploads\/2025\/09\/mg_7816-scaled-e1759243730546.jpg?fit=%2C&ssl=1","jetpack_sharing_enabled":true,"jetpack-related-posts":[],"_links":{"self":[{"href":"https:\/\/friburgonoticias.com.br\/temp\/wp-json\/wp\/v2\/posts\/7598","targetHints":{"allow":["GET"]}}],"collection":[{"href":"https:\/\/friburgonoticias.com.br\/temp\/wp-json\/wp\/v2\/posts"}],"about":[{"href":"https:\/\/friburgonoticias.com.br\/temp\/wp-json\/wp\/v2\/types\/post"}],"author":[{"embeddable":true,"href":"https:\/\/friburgonoticias.com.br\/temp\/wp-json\/wp\/v2\/users\/3"}],"replies":[{"embeddable":true,"href":"https:\/\/friburgonoticias.com.br\/temp\/wp-json\/wp\/v2\/comments?post=7598"}],"version-history":[{"count":0,"href":"https:\/\/friburgonoticias.com.br\/temp\/wp-json\/wp\/v2\/posts\/7598\/revisions"}],"wp:featuredmedia":[{"embeddable":true,"href":"https:\/\/friburgonoticias.com.br\/temp\/wp-json\/wp\/v2\/media\/7599"}],"wp:attachment":[{"href":"https:\/\/friburgonoticias.com.br\/temp\/wp-json\/wp\/v2\/media?parent=7598"}],"wp:term":[{"taxonomy":"category","embeddable":true,"href":"https:\/\/friburgonoticias.com.br\/temp\/wp-json\/wp\/v2\/categories?post=7598"},{"taxonomy":"post_tag","embeddable":true,"href":"https:\/\/friburgonoticias.com.br\/temp\/wp-json\/wp\/v2\/tags?post=7598"}],"curies":[{"name":"wp","href":"https:\/\/api.w.org\/{rel}","templated":true}]}}