{"id":7614,"date":"2026-02-26T12:00:24","date_gmt":"2026-02-26T12:00:24","guid":{"rendered":"https:\/\/friburgonoticias.com.br\/temp\/2026\/02\/26\/proposta-pune-quem-pega-bem-alheio-para-uso-temporario-noticias\/"},"modified":"2026-02-26T12:00:24","modified_gmt":"2026-02-26T12:00:24","slug":"proposta-pune-quem-pega-bem-alheio-para-uso-temporario-noticias","status":"publish","type":"post","link":"https:\/\/friburgonoticias.com.br\/temp\/2026\/02\/26\/proposta-pune-quem-pega-bem-alheio-para-uso-temporario-noticias\/","title":{"rendered":"Proposta pune quem pega bem alheio para uso tempor\u00e1rio &#8211; Not\u00edcias"},"content":{"rendered":"<p><\/p>\n<div>\n<div>\n<p class=\"g-artigo__data-hora\">\n                      26\/02\/2026 &#8211; 08:56 \u00a0\n                    <\/p>\n<div id=\"image-container-1247958\" class=\"image-container\" style=\"float: none; margin: 45px 0px; width: 100%;\" data-midia=\"1247958\">\n        <em>Bruno Spada \/ C\u00e2mara dos Deputados<\/em><\/p>\n<p>        Plen\u00e1rio &#8211; Sess\u00e3o Deliberativa\n        <\/p><\/div>\n<p>        O Projeto de Lei 6367\/25, do deputado Amom Mandel (Cidadania-AM), cria o crime de furto de uso. A proposta inclui a penalidade no <a class=\"linkLegislacao\" href=\"https:\/\/www2.camara.gov.br\/legin\/fed\/declei\/1940-1949\/decreto-lei-2848-7-dezembro-1940-412868-norma-pe.html\">C\u00f3digo Penal<\/a> e est\u00e1 em an\u00e1lise na C\u00e2mara dos Deputados.<br \/>\n        A proposta trata como crime subtrair coisa alheia para uso pr\u00f3prio e tempor\u00e1rio,\u00a0sem o consentimento do propriet\u00e1rio, ainda que com a inten\u00e7\u00e3o de restituir imediatamente ap\u00f3s o uso. Seria o caso, por exemplo, de uma pessoa que pega, sem permiss\u00e3o, a bicicleta do vizinho destrancada para ir ao mercado\u00a0 e depois a devolve. A pena \u00e9 de 3 meses a 1 ano de deten\u00e7\u00e3o e multa.<br \/>\n        Segundo Mandel, situa\u00e7\u00f5es em que uma pessoa utiliza indevidamente um bem alheio como ve\u00edculo, equipamento ou objeto, devolvendo-o posteriormente, resultam em absolvi\u00e7\u00e3o, mesmo quando h\u00e1 evidente viola\u00e7\u00e3o \u00e0 propriedade, abuso de confian\u00e7a e risco de dano. &#8220;Tais casos, embora distintos do furto comum, n\u00e3o s\u00e3o socialmente inofensivos e merecem resposta penal proporcional&#8221;, disse.<br \/>\n        Caso o bem seja restitu\u00eddo antes do uso, sem preju\u00edzo ao propriet\u00e1rio, n\u00e3o h\u00e1 crime. Se o criminoso causar dano ao bem ou preju\u00edzo ao propriet\u00e1rio durante o uso, a pena poder\u00e1 chegar a um ano e meio de deten\u00e7\u00e3o. Ou reduzida a dois meses de deten\u00e7\u00e3o se comprovado o justo motivo para pegar o bem.<br \/>\n        <strong>Pr\u00f3ximos passos<\/strong><br \/>A proposta ser\u00e1 analisada pela Comiss\u00e3o de Constitui\u00e7\u00e3o e Justi\u00e7a e de Cidadania. Depois, seguir\u00e1 para o Plen\u00e1rio. Para virar lei, precisa ser aprovada pela C\u00e2mara e pelo Senado.<\/p>\n<p style=\"font-size: 0.8rem; font-weight: 700;\">Reportagem \u2013 Tiago Miranda<br \/>Edi\u00e7\u00e3o \u2013 Rachel Librelon<\/p>\n<\/p><\/div>\n<\/p><\/div>\n<p><\/a><\/p>\n<p>Fonte: www.camara.leg.br<\/p>\n","protected":false},"excerpt":{"rendered":"<p>26\/02\/2026 &#8211; 08:56 \u00a0 Bruno Spada \/ C\u00e2mara dos Deputados Plen\u00e1rio &#8211; Sess\u00e3o Deliberativa O Projeto de Lei 6367\/25, do deputado Amom Mandel (Cidadania-AM), cria o crime de furto de uso. A proposta inclui a penalidade no C\u00f3digo Penal e est\u00e1 em an\u00e1lise na C\u00e2mara dos Deputados. A proposta trata como crime subtrair coisa alheia [&hellip;]<\/p>\n","protected":false},"author":3,"featured_media":7615,"comment_status":"open","ping_status":"open","sticky":false,"template":"","format":"standard","meta":{"advanced_seo_description":"","jetpack_seo_html_title":"","jetpack_seo_noindex":false,"fifu_image_url":"https:\/\/www.camara.leg.br\/midias\/image\/2026\/02\/img20260225163155260-768x473.jpg","fifu_image_alt":"","_jetpack_memberships_contains_paid_content":false,"footnotes":"","jetpack_publicize_message":"","jetpack_publicize_feature_enabled":true,"jetpack_social_post_already_shared":true,"jetpack_social_options":{"image_generator_settings":{"template":"highway","default_image_id":0,"font":"","enabled":false},"version":2}},"categories":[106,1],"tags":[],"class_list":{"0":"post-7614","1":"post","2":"type-post","3":"status-publish","4":"format-standard","5":"has-post-thumbnail","7":"category-politica","8":"category-uncategorized"},"jetpack_publicize_connections":[],"jetpack_featured_media_url":"https:\/\/i0.wp.com\/www.camara.leg.br\/midias\/image\/2026\/02\/img20260225163155260-768x473.jpg?fit=%2C&ssl=1","jetpack_sharing_enabled":true,"jetpack-related-posts":[],"_links":{"self":[{"href":"https:\/\/friburgonoticias.com.br\/temp\/wp-json\/wp\/v2\/posts\/7614","targetHints":{"allow":["GET"]}}],"collection":[{"href":"https:\/\/friburgonoticias.com.br\/temp\/wp-json\/wp\/v2\/posts"}],"about":[{"href":"https:\/\/friburgonoticias.com.br\/temp\/wp-json\/wp\/v2\/types\/post"}],"author":[{"embeddable":true,"href":"https:\/\/friburgonoticias.com.br\/temp\/wp-json\/wp\/v2\/users\/3"}],"replies":[{"embeddable":true,"href":"https:\/\/friburgonoticias.com.br\/temp\/wp-json\/wp\/v2\/comments?post=7614"}],"version-history":[{"count":0,"href":"https:\/\/friburgonoticias.com.br\/temp\/wp-json\/wp\/v2\/posts\/7614\/revisions"}],"wp:featuredmedia":[{"embeddable":true,"href":"https:\/\/friburgonoticias.com.br\/temp\/wp-json\/wp\/v2\/media\/7615"}],"wp:attachment":[{"href":"https:\/\/friburgonoticias.com.br\/temp\/wp-json\/wp\/v2\/media?parent=7614"}],"wp:term":[{"taxonomy":"category","embeddable":true,"href":"https:\/\/friburgonoticias.com.br\/temp\/wp-json\/wp\/v2\/categories?post=7614"},{"taxonomy":"post_tag","embeddable":true,"href":"https:\/\/friburgonoticias.com.br\/temp\/wp-json\/wp\/v2\/tags?post=7614"}],"curies":[{"name":"wp","href":"https:\/\/api.w.org\/{rel}","templated":true}]}}