{"id":7646,"date":"2026-02-26T19:35:51","date_gmt":"2026-02-26T19:35:51","guid":{"rendered":"https:\/\/friburgonoticias.com.br\/temp\/2026\/02\/26\/homem-morre-apos-passar-mal-em-via-publica-no-centro-de-nova-friburgo\/"},"modified":"2026-02-26T19:35:51","modified_gmt":"2026-02-26T19:35:51","slug":"homem-morre-apos-passar-mal-em-via-publica-no-centro-de-nova-friburgo","status":"publish","type":"post","link":"https:\/\/friburgonoticias.com.br\/temp\/2026\/02\/26\/homem-morre-apos-passar-mal-em-via-publica-no-centro-de-nova-friburgo\/","title":{"rendered":"Homem morre ap\u00f3s passar mal em via p\u00fablica no Centro de Nova Friburgo"},"content":{"rendered":"<p><\/p>\n<div id=\"post-63422\">\n<div class=\"post-header post-tp-13-header\">\n<div class=\"single-featured\">\n<img loading=\"lazy\" decoding=\"async\" data-lazyloaded=\"1\" src=\"https:\/\/www.serranewsrj.com.br\/wp-content\/uploads\/2026\/02\/WhatsApp-Image-2026-02-26-at-16.20.43.jpeg\" width=\"720\" height=\"405\" alt=\"\"\/>                                         <span class=\"image-credit\">Registro feito por um leitor. <\/span><\/div>\n<\/div>\n<div class=\"entry-content clearfix single-post-content\">\n<p style=\"text-align: justify;\">Na manh\u00e3 de quinta-feira, 26\/02, um homem veio a \u00f3bito ap\u00f3s passar mal enquanto caminhava na cal\u00e7ada no Centro de <a href=\"https:\/\/www.serranewsrj.com.br\/noticias\/regiao-serrana\/nova-friburgo\" target=\"_blank\">Nova Friburgo<\/a>, na altura do Clube Xadrez.<\/p>\n<div class=\"uhmgnrfyza uhmgnrfyza-post-inline uhmgnrfyza-float-center uhmgnrfyza-align-center uhmgnrfyza-column-1 uhmgnrfyza-clearfix no-bg-box-model\">\n<div id=\"uhmgnrfyza-56146-387158908\" class=\"uhmgnrfyza-container uhmgnrfyza-type-image\" itemscope=\"\" itemtype=\"https:\/\/schema.org\/WPAdBlock\" data-adid=\"56146\" data-type=\"image\"><a itemprop=\"url\" class=\"uhmgnrfyza-link\" href=\"https:\/\/macae.rj.gov.br\/\" target=\"_blank\" rel=\"nofollow\"><img loading=\"lazy\" decoding=\"async\" data-lazyloaded=\"1\" width=\"1201\" height=\"301\" class=\"uhmgnrfyza-image\" src=\"https:\/\/www.serranewsrj.com.br\/wp-content\/uploads\/2026\/02\/1200x300-ezgif.com-png-to-webp-converter.webp\" alt=\"Prefeitura de Maca\u00e9 \u2013 PI 21355 (Fev2026) \u2013 1200\u00d7300 pxl\"\/><\/a><\/div>\n<\/div>\n<p style=\"text-align: justify;\">O servi\u00e7o de emerg\u00eancia foi acionado e esteve no local para prestar socorro, mas infelizmente o homem n\u00e3o resistiu e faleceu ainda na via p\u00fablica.<\/p>\n<p style=\"text-align: justify;\">A ocorr\u00eancia chamou a aten\u00e7\u00e3o de pedestres que passavam pela regi\u00e3o. Epis\u00f3dios semelhantes j\u00e1 foram registrados outras vezes no Centro de Nova Friburgo.<\/p>\n<div class=\"uhmgnrfyza uhmgnrfyza-post-bottom uhmgnrfyza-float-center uhmgnrfyza-align-center uhmgnrfyza-column-1 uhmgnrfyza-clearfix no-bg-box-model\">\n<div id=\"uhmgnrfyza-47229-462904454\" class=\"uhmgnrfyza-container uhmgnrfyza-type-image\" itemscope=\"\" itemtype=\"https:\/\/schema.org\/WPAdBlock\" data-adid=\"47229\" data-type=\"image\"><a itemprop=\"url\" class=\"uhmgnrfyza-link\" href=\"https:\/\/aguasdorio.com.br\/aguas-do-rio-leva-atendimento-movel-a-distritos-de-oito-cidades-do-interior\/?utm_source=serranews&amp;utm_medium=cpc&amp;utm_campaign=compromisso_jotacom-awareness-portal-serranews-compromisso_pontual&amp;utm_id=4anos&amp;utm_term=banner-institucional&amp;utm_content=portal_compromisso\" target=\"_blank\" rel=\"nofollow\"><img loading=\"lazy\" decoding=\"async\" data-lazyloaded=\"1\" width=\"1200\" height=\"400\" class=\"uhmgnrfyza-image\" src=\"https:\/\/www.serranewsrj.com.br\/wp-content\/uploads\/2026\/01\/1200x400-ezgif.com-png-to-webp-converter.webp\" alt=\"\u00c1guas do Rio WebP \u2013 1200 x 400 pxl\"\/><\/a><\/div>\n<\/div>\n<\/div>\n<\/div>\n<div id=\"\">\n<a href=\"https:\/\/www.serranewsrj.com.br\/author\/admin-2\" title=\"Artigos de autor\"><br \/>\n<span class=\"post-author-avatar\" itemprop=\"image\"><img loading=\"lazy\" decoding=\"async\" data-lazyloaded=\"1\" alt=\"\" src=\"https:\/\/www.serranewsrj.com.br\/wp-content\/uploads\/2025\/03\/REDONDA-4-180x180.png\" class=\"avatar avatar-80 photo avatar-default\" height=\"80\" width=\"80\"\/><\/span><br \/>\n<\/a><\/p>\n<div class=\"post-author-bio\" itemprop=\"description\">A sua fonte segura de informa\u00e7\u00e3o no interior do Rio de Janeiro.<\/p>\n<\/div>\n<\/div>\n<p><\/a><\/p>\n<p>Fonte: www.serranewsrj.com.br<\/p>\n","protected":false},"excerpt":{"rendered":"<p>Registro feito por um leitor. Na manh\u00e3 de quinta-feira, 26\/02, um homem veio a \u00f3bito ap\u00f3s passar mal enquanto caminhava na cal\u00e7ada no Centro de Nova Friburgo, na altura do Clube Xadrez. O servi\u00e7o de emerg\u00eancia foi acionado e esteve no local para prestar socorro, mas infelizmente o homem n\u00e3o resistiu e faleceu ainda na [&hellip;]<\/p>\n","protected":false},"author":3,"featured_media":7647,"comment_status":"open","ping_status":"open","sticky":false,"template":"","format":"standard","meta":{"advanced_seo_description":"","jetpack_seo_html_title":"","jetpack_seo_noindex":false,"fifu_image_url":"https:\/\/www.serranewsrj.com.br\/wp-content\/uploads\/2026\/02\/WhatsApp-Image-2026-02-26-at-16.20.43.jpeg","fifu_image_alt":"","_jetpack_memberships_contains_paid_content":false,"footnotes":"","jetpack_publicize_message":"","jetpack_publicize_feature_enabled":true,"jetpack_social_post_already_shared":true,"jetpack_social_options":{"image_generator_settings":{"template":"highway","default_image_id":0,"font":"","enabled":false},"version":2}},"categories":[104,1],"tags":[],"class_list":{"0":"post-7646","1":"post","2":"type-post","3":"status-publish","4":"format-standard","5":"has-post-thumbnail","7":"category-cidade","8":"category-uncategorized"},"jetpack_publicize_connections":[],"jetpack_featured_media_url":"https:\/\/i0.wp.com\/www.serranewsrj.com.br\/wp-content\/uploads\/2026\/02\/WhatsApp-Image-2026-02-26-at-16.20.43.jpeg?fit=%2C&ssl=1","jetpack_sharing_enabled":true,"jetpack-related-posts":[],"_links":{"self":[{"href":"https:\/\/friburgonoticias.com.br\/temp\/wp-json\/wp\/v2\/posts\/7646","targetHints":{"allow":["GET"]}}],"collection":[{"href":"https:\/\/friburgonoticias.com.br\/temp\/wp-json\/wp\/v2\/posts"}],"about":[{"href":"https:\/\/friburgonoticias.com.br\/temp\/wp-json\/wp\/v2\/types\/post"}],"author":[{"embeddable":true,"href":"https:\/\/friburgonoticias.com.br\/temp\/wp-json\/wp\/v2\/users\/3"}],"replies":[{"embeddable":true,"href":"https:\/\/friburgonoticias.com.br\/temp\/wp-json\/wp\/v2\/comments?post=7646"}],"version-history":[{"count":0,"href":"https:\/\/friburgonoticias.com.br\/temp\/wp-json\/wp\/v2\/posts\/7646\/revisions"}],"wp:featuredmedia":[{"embeddable":true,"href":"https:\/\/friburgonoticias.com.br\/temp\/wp-json\/wp\/v2\/media\/7647"}],"wp:attachment":[{"href":"https:\/\/friburgonoticias.com.br\/temp\/wp-json\/wp\/v2\/media?parent=7646"}],"wp:term":[{"taxonomy":"category","embeddable":true,"href":"https:\/\/friburgonoticias.com.br\/temp\/wp-json\/wp\/v2\/categories?post=7646"},{"taxonomy":"post_tag","embeddable":true,"href":"https:\/\/friburgonoticias.com.br\/temp\/wp-json\/wp\/v2\/tags?post=7646"}],"curies":[{"name":"wp","href":"https:\/\/api.w.org\/{rel}","templated":true}]}}