{"id":7658,"date":"2026-02-26T23:21:38","date_gmt":"2026-02-26T23:21:38","guid":{"rendered":"https:\/\/friburgonoticias.com.br\/temp\/2026\/02\/26\/camara-aprova-regime-de-urgencia-para-12-projetos-de-lei-noticias\/"},"modified":"2026-02-26T23:21:38","modified_gmt":"2026-02-26T23:21:38","slug":"camara-aprova-regime-de-urgencia-para-12-projetos-de-lei-noticias","status":"publish","type":"post","link":"https:\/\/friburgonoticias.com.br\/temp\/2026\/02\/26\/camara-aprova-regime-de-urgencia-para-12-projetos-de-lei-noticias\/","title":{"rendered":"C\u00e2mara aprova regime de urg\u00eancia para 12 projetos de lei &#8211; Not\u00edcias"},"content":{"rendered":"<p><\/p>\n<div>\n<p>                                Use esse formul\u00e1rio para comunicar erros ou fazer sugest\u00f5es sobre o novo portal da C\u00e2mara dos Deputados.<br \/>\n                                Para qualquer outro assunto, utilize o <a href=\"http:\/\/camara.custhelp.com\/\">Fale Conosco<\/a>.<\/p>\n<p>                                <span id=\"textoMensagemErroFeedback\">Mensagem<\/span><br \/>\n                                <button type=\"button\" class=\"close\" data-dismiss=\"alert\" aria-label=\"Close\"><br \/>\n                                    <span aria-hidden=\"true\">\u00d7<\/span><br \/>\n                                <\/button><\/p><\/div>\n<p><\/a><\/p>\n<p>Fonte: www.camara.leg.br<\/p>\n","protected":false},"excerpt":{"rendered":"<p>Use esse formul\u00e1rio para comunicar erros ou fazer sugest\u00f5es sobre o novo portal da C\u00e2mara dos Deputados. Para qualquer outro assunto, utilize o Fale Conosco. Mensagem \u00d7 Fonte: www.camara.leg.br<\/p>\n","protected":false},"author":3,"featured_media":7659,"comment_status":"open","ping_status":"open","sticky":false,"template":"","format":"standard","meta":{"advanced_seo_description":"","jetpack_seo_html_title":"","jetpack_seo_noindex":false,"fifu_image_url":"https:\/\/www.camara.leg.br\/midias\/image\/2026\/02\/img20260226133132591-768x473.jpg","fifu_image_alt":"","_jetpack_memberships_contains_paid_content":false,"footnotes":"","jetpack_publicize_message":"","jetpack_publicize_feature_enabled":true,"jetpack_social_post_already_shared":true,"jetpack_social_options":{"image_generator_settings":{"template":"highway","default_image_id":0,"font":"","enabled":false},"version":2}},"categories":[107],"tags":[],"class_list":{"0":"post-7658","1":"post","2":"type-post","3":"status-publish","4":"format-standard","5":"has-post-thumbnail","7":"category-economia"},"jetpack_publicize_connections":[],"jetpack_featured_media_url":"https:\/\/i0.wp.com\/www.camara.leg.br\/midias\/image\/2026\/02\/img20260226133132591-768x473.jpg?fit=%2C&ssl=1","jetpack_sharing_enabled":true,"jetpack-related-posts":[],"_links":{"self":[{"href":"https:\/\/friburgonoticias.com.br\/temp\/wp-json\/wp\/v2\/posts\/7658","targetHints":{"allow":["GET"]}}],"collection":[{"href":"https:\/\/friburgonoticias.com.br\/temp\/wp-json\/wp\/v2\/posts"}],"about":[{"href":"https:\/\/friburgonoticias.com.br\/temp\/wp-json\/wp\/v2\/types\/post"}],"author":[{"embeddable":true,"href":"https:\/\/friburgonoticias.com.br\/temp\/wp-json\/wp\/v2\/users\/3"}],"replies":[{"embeddable":true,"href":"https:\/\/friburgonoticias.com.br\/temp\/wp-json\/wp\/v2\/comments?post=7658"}],"version-history":[{"count":0,"href":"https:\/\/friburgonoticias.com.br\/temp\/wp-json\/wp\/v2\/posts\/7658\/revisions"}],"wp:featuredmedia":[{"embeddable":true,"href":"https:\/\/friburgonoticias.com.br\/temp\/wp-json\/wp\/v2\/media\/7659"}],"wp:attachment":[{"href":"https:\/\/friburgonoticias.com.br\/temp\/wp-json\/wp\/v2\/media?parent=7658"}],"wp:term":[{"taxonomy":"category","embeddable":true,"href":"https:\/\/friburgonoticias.com.br\/temp\/wp-json\/wp\/v2\/categories?post=7658"},{"taxonomy":"post_tag","embeddable":true,"href":"https:\/\/friburgonoticias.com.br\/temp\/wp-json\/wp\/v2\/tags?post=7658"}],"curies":[{"name":"wp","href":"https:\/\/api.w.org\/{rel}","templated":true}]}}