{"id":7678,"date":"2026-02-27T17:57:06","date_gmt":"2026-02-27T17:57:06","guid":{"rendered":"https:\/\/friburgonoticias.com.br\/temp\/2026\/02\/27\/comissao-mista-debate-violencia-contra-a-mulher-e-aplicacao-da-lei-do-feminicidio-participe-noticias\/"},"modified":"2026-02-27T17:57:06","modified_gmt":"2026-02-27T17:57:06","slug":"comissao-mista-debate-violencia-contra-a-mulher-e-aplicacao-da-lei-do-feminicidio-participe-noticias","status":"publish","type":"post","link":"https:\/\/friburgonoticias.com.br\/temp\/2026\/02\/27\/comissao-mista-debate-violencia-contra-a-mulher-e-aplicacao-da-lei-do-feminicidio-participe-noticias\/","title":{"rendered":"Comiss\u00e3o mista debate viol\u00eancia contra a mulher e aplica\u00e7\u00e3o da Lei do Feminic\u00eddio; participe &#8211; Not\u00edcias"},"content":{"rendered":"<p><\/p>\n<div>\n<div>\n<p class=\"g-artigo__data-hora\">\n                      27\/02\/2026 &#8211; 14:45 \u00a0\n                    <\/p>\n<div id=\"image-container-1248736\" class=\"image-container\" style=\"float: none; margin: 45px 0px; width: 100%;\" data-midia=\"1248736\">\n        <em>Depositphotos<\/em><\/p>\n<p>        Debate vai analisar os \u00edndices de viol\u00eancia dom\u00e9stica e de feminic\u00eddio\n        <\/p><\/div>\n<p data-start=\"95\" data-end=\"410\">A Comiss\u00e3o Permanente Mista de Combate \u00e0 Viol\u00eancia Contra a Mulher realiza, nesta quarta-feira (4), \u00e0s 15 horas, audi\u00eancia p\u00fablica para discutir os dados sobre viol\u00eancia contra a mulher e a aplicabilidade da <a class=\"linkLegislacao\" href=\"https:\/\/www2.camara.gov.br\/legin\/fed\/lei\/2015\/lei-13104-9-marco-2015-780225-norma-pl.html\">Lei 13.104\/15<\/a>, conhecida como Lei do Feminic\u00eddio. A reuni\u00e3o ocorrer\u00e1 na Ala Nilo Coelho, plen\u00e1rio 6, no Senado e ser\u00e1 interativa.<\/p>\n<p data-start=\"412\" data-end=\"610\">O debate vai analisar os \u00edndices de viol\u00eancia dom\u00e9stica e feminic\u00eddio, a rede de prote\u00e7\u00e3o e a atua\u00e7\u00e3o do sistema de justi\u00e7a. Tamb\u00e9m ser\u00e3o ouvidos movimentos de mulheres, especialistas e autoridades.<\/p>\n<p data-start=\"612\" data-end=\"808\">Segundo a comiss\u00e3o, a audi\u00eancia tem o objetivo de reunir informa\u00e7\u00f5es e contribui\u00e7\u00f5es que possam orientar o plano de trabalho do colegiado no enfrentamento \u00e0 viol\u00eancia contra as mulheres no Brasil.<\/p>\n<p style=\"font-size: 0.8rem; font-weight: 700;\">Da Reda\u00e7\u00e3o \u2013 RS<\/p>\n<\/p><\/div>\n<\/p><\/div>\n<p><\/a><\/p>\n<p>Fonte: www.camara.leg.br<\/p>\n","protected":false},"excerpt":{"rendered":"<p>27\/02\/2026 &#8211; 14:45 \u00a0 Depositphotos Debate vai analisar os \u00edndices de viol\u00eancia dom\u00e9stica e de feminic\u00eddio A Comiss\u00e3o Permanente Mista de Combate \u00e0 Viol\u00eancia Contra a Mulher realiza, nesta quarta-feira (4), \u00e0s 15 horas, audi\u00eancia p\u00fablica para discutir os dados sobre viol\u00eancia contra a mulher e a aplicabilidade da Lei 13.104\/15, conhecida como Lei do [&hellip;]<\/p>\n","protected":false},"author":3,"featured_media":7679,"comment_status":"open","ping_status":"open","sticky":false,"template":"","format":"standard","meta":{"advanced_seo_description":"","jetpack_seo_html_title":"","jetpack_seo_noindex":false,"fifu_image_url":"https:\/\/www.camara.leg.br\/midias\/image\/2026\/02\/img20221116100909510-768x512.jpg","fifu_image_alt":"","_jetpack_memberships_contains_paid_content":false,"footnotes":"","jetpack_publicize_message":"","jetpack_publicize_feature_enabled":true,"jetpack_social_post_already_shared":true,"jetpack_social_options":{"image_generator_settings":{"template":"highway","default_image_id":0,"font":"","enabled":false},"version":2}},"categories":[106,1],"tags":[],"class_list":{"0":"post-7678","1":"post","2":"type-post","3":"status-publish","4":"format-standard","5":"has-post-thumbnail","7":"category-politica","8":"category-uncategorized"},"jetpack_publicize_connections":[],"jetpack_featured_media_url":"https:\/\/i0.wp.com\/www.camara.leg.br\/midias\/image\/2026\/02\/img20221116100909510-768x512.jpg?fit=%2C&ssl=1","jetpack_sharing_enabled":true,"jetpack-related-posts":[],"_links":{"self":[{"href":"https:\/\/friburgonoticias.com.br\/temp\/wp-json\/wp\/v2\/posts\/7678","targetHints":{"allow":["GET"]}}],"collection":[{"href":"https:\/\/friburgonoticias.com.br\/temp\/wp-json\/wp\/v2\/posts"}],"about":[{"href":"https:\/\/friburgonoticias.com.br\/temp\/wp-json\/wp\/v2\/types\/post"}],"author":[{"embeddable":true,"href":"https:\/\/friburgonoticias.com.br\/temp\/wp-json\/wp\/v2\/users\/3"}],"replies":[{"embeddable":true,"href":"https:\/\/friburgonoticias.com.br\/temp\/wp-json\/wp\/v2\/comments?post=7678"}],"version-history":[{"count":0,"href":"https:\/\/friburgonoticias.com.br\/temp\/wp-json\/wp\/v2\/posts\/7678\/revisions"}],"wp:featuredmedia":[{"embeddable":true,"href":"https:\/\/friburgonoticias.com.br\/temp\/wp-json\/wp\/v2\/media\/7679"}],"wp:attachment":[{"href":"https:\/\/friburgonoticias.com.br\/temp\/wp-json\/wp\/v2\/media?parent=7678"}],"wp:term":[{"taxonomy":"category","embeddable":true,"href":"https:\/\/friburgonoticias.com.br\/temp\/wp-json\/wp\/v2\/categories?post=7678"},{"taxonomy":"post_tag","embeddable":true,"href":"https:\/\/friburgonoticias.com.br\/temp\/wp-json\/wp\/v2\/tags?post=7678"}],"curies":[{"name":"wp","href":"https:\/\/api.w.org\/{rel}","templated":true}]}}