{"id":7716,"date":"2026-03-02T12:26:30","date_gmt":"2026-03-02T12:26:30","guid":{"rendered":"https:\/\/friburgonoticias.com.br\/temp\/2026\/03\/02\/cupula-da-secretaria-estadual-de-educacao-deixa-cargos-apos-saida-de-roberta-barreto-do-comando-da-pasta\/"},"modified":"2026-03-02T12:26:30","modified_gmt":"2026-03-02T12:26:30","slug":"cupula-da-secretaria-estadual-de-educacao-deixa-cargos-apos-saida-de-roberta-barreto-do-comando-da-pasta","status":"publish","type":"post","link":"https:\/\/friburgonoticias.com.br\/temp\/2026\/03\/02\/cupula-da-secretaria-estadual-de-educacao-deixa-cargos-apos-saida-de-roberta-barreto-do-comando-da-pasta\/","title":{"rendered":"c\u00fapula da Secretaria estadual de Educa\u00e7\u00e3o deixa cargos ap\u00f3s sa\u00edda de Roberta Barreto do comando da pasta"},"content":{"rendered":"<p><\/p>\n<div itemprop=\"articleBody\">\nCome\u00e7ou a \u201cdan\u00e7a das cadeiras\u201d na Secretaria estadual de Educa\u00e7\u00e3o <a href=\"https:\/\/temporealrj.com\/mudanca-secretaria-de-educacao-estado-rio\/\">ap\u00f3s a sa\u00edda de Roberta Barreto do comando da pasta, que aconteceu a pedido da ent\u00e3o secret\u00e1ria na semana passada<\/a>. Nesta segunda (05), o governo estadual oficializou a exonera\u00e7\u00e3o de pelo menos oito servidores \u2014 tr\u00eas deles eram subsecret\u00e1rios.<\/p>\n<p>Os principais nomes da c\u00fapula da educa\u00e7\u00e3o estadual a deixarem seus cargos foram Windson Maciel, que era subsecret\u00e1rio executivo; Joilza Rangel Abreu, subsecret\u00e1ria de Gest\u00e3o de Ensino; e David de Andrade Marinho Filho, subsecret\u00e1rio de Gest\u00e3o Administrativa. Assim como a antiga secret\u00e1ria, os tr\u00eas pediram a exonera\u00e7\u00e3o.<\/p>\n<p>Por ora, a Secretaria de Educa\u00e7\u00e3o n\u00e3o anunciou a nomea\u00e7\u00e3o de novos nomes para as fun\u00e7\u00f5es.<\/p>\n<h2 class=\"wp-block-heading\">Setores pedag\u00f3gicos e administrativos da Secretaria estadual de Educa\u00e7\u00e3o tamb\u00e9m tiveram baixas<\/h2>\n<p>Al\u00e9m dos subsecret\u00e1rios, tamb\u00e9m deixaram a pasta alguns dos superintendentes \u2014 desmontando toda a linha pedag\u00f3gica da secretaria. Foram exonerados os respons\u00e1veis pela superintend\u00eancia pedag\u00f3gica (Fl\u00e1via Costa Lima Ferreira), gest\u00e3o das regionais pedag\u00f3gicas (Wesley Karllos Neves Concei\u00e7\u00e3o) e avalia\u00e7\u00e3o e desempenho escolar (Rosana Maria do Nascimento Mendes).<\/p>\n<p>Na equipe administrativa da Secretaria de Educa\u00e7\u00e3o, foram exonerados os superintendentes Vinicius Guimar\u00e3es de Paiva, comissionado respons\u00e1vel pela equipe de licita\u00e7\u00f5es da pasta, e Maria Helena Barroso Ribeiro, que atuava com planejamento e integra\u00e7\u00e3o das redes. Essas fun\u00e7\u00f5es tamb\u00e9m n\u00e3o tiveram novos nomes anunciados.<\/p>\n<p>Indicada para o cargo pelo presidente afastado da Assembleia Legislativa (Alerj), Rodrigo Bacellar (Uni\u00e3o), a ex-secret\u00e1ria deixou o cargo para focar na pr\u00e9-campanha eleitoral. Ela foi substitu\u00edda <a href=\"https:\/\/temporealrj.com\/ex-vice-presidencia-fundacao-leao-xviii\/\">pela ex-presidente da Funda\u00e7\u00e3o Le\u00e3o XIII, a assistente social Luciana Cala\u00e7a<\/a>.<\/p>\n<div class=\"wp-block-image\">\n<figure class=\"aligncenter size-full\"><img loading=\"lazy\" decoding=\"async\" width=\"517\" height=\"483\" src=\"https:\/\/temporealrj.com\/wp-content\/uploads\/2026\/03\/WhatsApp-Image-2026-03-02-at-08.15.55.jpeg\" alt=\"WhatsApp Image 2026 03 02 at 08.15.55\" class=\"wp-image-121315\" title=\"Efeito cascata: c\u00fapula da Secretaria estadual de Educa\u00e7\u00e3o deixa cargos ap\u00f3s sa\u00edda de Roberta Barreto do comando da pasta 62\" srcset=\"https:\/\/temporealrj.com\/wp-content\/uploads\/2026\/03\/WhatsApp-Image-2026-03-02-at-08.15.55.jpeg 517w, https:\/\/temporealrj.com\/wp-content\/uploads\/2026\/03\/WhatsApp-Image-2026-03-02-at-08.15.55-300x280.jpeg 300w\" sizes=\"auto, (max-width: 517px) 100vw, 517px\"\/><\/figure>\n<\/div>\n<div class=\"wp-block-image\">\n<figure class=\"aligncenter size-full\"><img loading=\"lazy\" decoding=\"async\" width=\"496\" height=\"310\" src=\"https:\/\/temporealrj.com\/wp-content\/uploads\/2026\/03\/WhatsApp-Image-2026-03-02-at-08.15.56.jpeg\" alt=\"WhatsApp Image 2026 03 02 at 08.15.56\" class=\"wp-image-121316\" title=\"Efeito cascata: c\u00fapula da Secretaria estadual de Educa\u00e7\u00e3o deixa cargos ap\u00f3s sa\u00edda de Roberta Barreto do comando da pasta 63\" srcset=\"https:\/\/temporealrj.com\/wp-content\/uploads\/2026\/03\/WhatsApp-Image-2026-03-02-at-08.15.56.jpeg 496w, https:\/\/temporealrj.com\/wp-content\/uploads\/2026\/03\/WhatsApp-Image-2026-03-02-at-08.15.56-300x188.jpeg 300w\" sizes=\"auto, (max-width: 496px) 100vw, 496px\"\/><\/figure>\n<\/div>\n<\/div>\n<p><\/a><\/p>\n<p>Fonte: temporealrj.com<\/p>\n","protected":false},"excerpt":{"rendered":"<p>Come\u00e7ou a \u201cdan\u00e7a das cadeiras\u201d na Secretaria estadual de Educa\u00e7\u00e3o ap\u00f3s a sa\u00edda de Roberta Barreto do comando da pasta, que aconteceu a pedido da ent\u00e3o secret\u00e1ria na semana passada. Nesta segunda (05), o governo estadual oficializou a exonera\u00e7\u00e3o de pelo menos oito servidores \u2014 tr\u00eas deles eram subsecret\u00e1rios. Os principais nomes da c\u00fapula da [&hellip;]<\/p>\n","protected":false},"author":3,"featured_media":7717,"comment_status":"open","ping_status":"open","sticky":false,"template":"","format":"standard","meta":{"advanced_seo_description":"","jetpack_seo_html_title":"","jetpack_seo_noindex":false,"fifu_image_url":"https:\/\/temporealrj.com\/wp-content\/uploads\/2026\/03\/seeduc-e1772451031629.png","fifu_image_alt":"","_jetpack_memberships_contains_paid_content":false,"footnotes":"","jetpack_publicize_message":"","jetpack_publicize_feature_enabled":true,"jetpack_social_post_already_shared":true,"jetpack_social_options":{"image_generator_settings":{"template":"highway","default_image_id":0,"font":"","enabled":false},"version":2}},"categories":[107],"tags":[],"class_list":{"0":"post-7716","1":"post","2":"type-post","3":"status-publish","4":"format-standard","5":"has-post-thumbnail","7":"category-economia"},"jetpack_publicize_connections":[],"jetpack_featured_media_url":"https:\/\/i0.wp.com\/temporealrj.com\/wp-content\/uploads\/2026\/03\/seeduc-e1772451031629.png?fit=%2C&ssl=1","jetpack_sharing_enabled":true,"jetpack-related-posts":[],"_links":{"self":[{"href":"https:\/\/friburgonoticias.com.br\/temp\/wp-json\/wp\/v2\/posts\/7716","targetHints":{"allow":["GET"]}}],"collection":[{"href":"https:\/\/friburgonoticias.com.br\/temp\/wp-json\/wp\/v2\/posts"}],"about":[{"href":"https:\/\/friburgonoticias.com.br\/temp\/wp-json\/wp\/v2\/types\/post"}],"author":[{"embeddable":true,"href":"https:\/\/friburgonoticias.com.br\/temp\/wp-json\/wp\/v2\/users\/3"}],"replies":[{"embeddable":true,"href":"https:\/\/friburgonoticias.com.br\/temp\/wp-json\/wp\/v2\/comments?post=7716"}],"version-history":[{"count":0,"href":"https:\/\/friburgonoticias.com.br\/temp\/wp-json\/wp\/v2\/posts\/7716\/revisions"}],"wp:featuredmedia":[{"embeddable":true,"href":"https:\/\/friburgonoticias.com.br\/temp\/wp-json\/wp\/v2\/media\/7717"}],"wp:attachment":[{"href":"https:\/\/friburgonoticias.com.br\/temp\/wp-json\/wp\/v2\/media?parent=7716"}],"wp:term":[{"taxonomy":"category","embeddable":true,"href":"https:\/\/friburgonoticias.com.br\/temp\/wp-json\/wp\/v2\/categories?post=7716"},{"taxonomy":"post_tag","embeddable":true,"href":"https:\/\/friburgonoticias.com.br\/temp\/wp-json\/wp\/v2\/tags?post=7716"}],"curies":[{"name":"wp","href":"https:\/\/api.w.org\/{rel}","templated":true}]}}