{"id":7738,"date":"2026-03-02T18:26:37","date_gmt":"2026-03-02T18:26:37","guid":{"rendered":"https:\/\/friburgonoticias.com.br\/temp\/2026\/03\/02\/douglas-ruas-recebeu-doacao-de-r-190-mil-de-presidente-do-psd-de-rio-bonito-para-campanha-em-2022\/"},"modified":"2026-03-02T18:26:37","modified_gmt":"2026-03-02T18:26:37","slug":"douglas-ruas-recebeu-doacao-de-r-190-mil-de-presidente-do-psd-de-rio-bonito-para-campanha-em-2022","status":"publish","type":"post","link":"https:\/\/friburgonoticias.com.br\/temp\/2026\/03\/02\/douglas-ruas-recebeu-doacao-de-r-190-mil-de-presidente-do-psd-de-rio-bonito-para-campanha-em-2022\/","title":{"rendered":"Douglas Ruas recebeu doa\u00e7\u00e3o de R$ 190 mil de presidente do PSD de Rio Bonito para campanha em 2022"},"content":{"rendered":"<p><\/p>\n<div itemprop=\"articleBody\">\nMuito antes de come\u00e7ar a planejar sua candidatura ao governo estadual do Rio, <a href=\"https:\/\/temporealrj.com\/renato-de-paula-douglas-ruas-pl-ato\/\">Douglas Ruas (PL)<\/a> contou com um apoio inusitado na sua \u00faltima disputa eleitoral. A campanha do gon\u00e7alense para deputado estadual em 2022 recebeu uma doa\u00e7\u00e3o de cerca de R$ 190 mil, feita pelo ent\u00e3o presidente de um diret\u00f3rio fluminense do PSD \u2014 partido de seu atual advers\u00e1rio, Eduardo Paes (PSD).<\/p>\n<p>O valor foi enviado, via PIX, por Anderson Tinoco Luz, ex-vice-prefeito de Rio Bonito, que presidia o diret\u00f3rio do PSD na cidade. No site oficial da sigla, ele ainda consta como chefe do n\u00facleo municipal da sigla. Segundo o jornalista Guilherme Amado, do \u201cPlat\u00f4BR\u201d, no entanto, Tinoco j\u00e1 n\u00e3o \u00e9 mais presidente local do pa\u00eds desde 2024.<\/p>\n<p>Ex-vereador e empres\u00e1rio, Tinoco foi vice-prefeito durante o \u00faltimo mandato de Solange Almeida, em 2012. Para a campanha de Douglas Ruas, ele doou mais do que o pai do candidato, o prefeito de S\u00e3o Gon\u00e7alo Capit\u00e3o Nelson (PL), que, na \u00e9poca, destinou R$ 40 mil para fortalecer a candidatura do filho.<\/p>\n<p>No m\u00eas passado, Douglas Ruas foi oficializado pelo PL fluminense como candidato para o governo estadual. Como a corrida eleitoral ainda n\u00e3o come\u00e7ou oficialmente, ele ainda n\u00e3o recebe verbas de campanha. Neste domingo (01), ele teve sua primeira grande agenda p\u00fablica ap\u00f3s o an\u00fancio de sua candidatura, <a href=\"https:\/\/temporealrj.com\/inauguracao-parque-sao-goncalo-douglas-ruas\/\">na inaugura\u00e7\u00e3o do Parque RJ Nosso Sonho, em S\u00e3o Gon\u00e7alo<\/a>.<\/p>\n<p><em>Com informa\u00e7\u00f5es do \u201cPlat\u00f4BR\u201d.<\/em>\n<\/div>\n<p><\/a><\/p>\n<p>Fonte: temporealrj.com<\/p>\n","protected":false},"excerpt":{"rendered":"<p>Muito antes de come\u00e7ar a planejar sua candidatura ao governo estadual do Rio, Douglas Ruas (PL) contou com um apoio inusitado na sua \u00faltima disputa eleitoral. A campanha do gon\u00e7alense para deputado estadual em 2022 recebeu uma doa\u00e7\u00e3o de cerca de R$ 190 mil, feita pelo ent\u00e3o presidente de um diret\u00f3rio fluminense do PSD \u2014 [&hellip;]<\/p>\n","protected":false},"author":3,"featured_media":7739,"comment_status":"open","ping_status":"open","sticky":false,"template":"","format":"standard","meta":{"advanced_seo_description":"","jetpack_seo_html_title":"","jetpack_seo_noindex":false,"fifu_image_url":"https:\/\/temporealrj.com\/wp-content\/uploads\/2026\/03\/Douglas-Ruas-e1772462546259.jpg","fifu_image_alt":"","_jetpack_memberships_contains_paid_content":false,"footnotes":"","jetpack_publicize_message":"","jetpack_publicize_feature_enabled":true,"jetpack_social_post_already_shared":true,"jetpack_social_options":{"image_generator_settings":{"template":"highway","default_image_id":0,"font":"","enabled":false},"version":2}},"categories":[107],"tags":[],"class_list":{"0":"post-7738","1":"post","2":"type-post","3":"status-publish","4":"format-standard","5":"has-post-thumbnail","7":"category-economia"},"jetpack_publicize_connections":[],"jetpack_featured_media_url":"https:\/\/i0.wp.com\/temporealrj.com\/wp-content\/uploads\/2026\/03\/Douglas-Ruas-e1772462546259.jpg?fit=%2C&ssl=1","jetpack_sharing_enabled":true,"jetpack-related-posts":[],"_links":{"self":[{"href":"https:\/\/friburgonoticias.com.br\/temp\/wp-json\/wp\/v2\/posts\/7738","targetHints":{"allow":["GET"]}}],"collection":[{"href":"https:\/\/friburgonoticias.com.br\/temp\/wp-json\/wp\/v2\/posts"}],"about":[{"href":"https:\/\/friburgonoticias.com.br\/temp\/wp-json\/wp\/v2\/types\/post"}],"author":[{"embeddable":true,"href":"https:\/\/friburgonoticias.com.br\/temp\/wp-json\/wp\/v2\/users\/3"}],"replies":[{"embeddable":true,"href":"https:\/\/friburgonoticias.com.br\/temp\/wp-json\/wp\/v2\/comments?post=7738"}],"version-history":[{"count":0,"href":"https:\/\/friburgonoticias.com.br\/temp\/wp-json\/wp\/v2\/posts\/7738\/revisions"}],"wp:featuredmedia":[{"embeddable":true,"href":"https:\/\/friburgonoticias.com.br\/temp\/wp-json\/wp\/v2\/media\/7739"}],"wp:attachment":[{"href":"https:\/\/friburgonoticias.com.br\/temp\/wp-json\/wp\/v2\/media?parent=7738"}],"wp:term":[{"taxonomy":"category","embeddable":true,"href":"https:\/\/friburgonoticias.com.br\/temp\/wp-json\/wp\/v2\/categories?post=7738"},{"taxonomy":"post_tag","embeddable":true,"href":"https:\/\/friburgonoticias.com.br\/temp\/wp-json\/wp\/v2\/tags?post=7738"}],"curies":[{"name":"wp","href":"https:\/\/api.w.org\/{rel}","templated":true}]}}