{"id":7818,"date":"2026-03-04T11:41:19","date_gmt":"2026-03-04T11:41:19","guid":{"rendered":"https:\/\/friburgonoticias.com.br\/temp\/2026\/03\/04\/mariana-divulga-programacao-da-semana-santa-2026\/"},"modified":"2026-03-04T11:41:19","modified_gmt":"2026-03-04T11:41:19","slug":"mariana-divulga-programacao-da-semana-santa-2026","status":"publish","type":"post","link":"https:\/\/friburgonoticias.com.br\/temp\/2026\/03\/04\/mariana-divulga-programacao-da-semana-santa-2026\/","title":{"rendered":"Mariana divulga programa\u00e7\u00e3o da Semana Santa 2026"},"content":{"rendered":"<p><\/p>\n<div data-id=\"e4a9c54\" data-element_type=\"widget\" data-widget_type=\"theme-post-content.default\">\n<p>A Catedral\u00a0 Bas\u00edlica de Nossa Senhora da Assun\u00e7\u00e3o, a S\u00e9 de Mariana, divulgou a programa\u00e7\u00e3o da Semana Santa de 2026 na Primaz de Minas.<\/p>\n<p>Este \u00e9 um dos per\u00edodos mais ricos para a cultura de Mariana. Desde antes da cria\u00e7\u00e3o da Diocese, em 1745, e da chegada do primeiro bispo, Dom Frei Manoel da Cruz, em 1747, a cidade conserva tradi\u00e7\u00f5es religiosas que atraem um grande n\u00famero de visitantes e re\u00fanem os moradores em uma forte express\u00e3o da religiosidade popular.<\/p>\n<p>Em 2026, as celebra\u00e7\u00f5es ganham um toque especial com a reinaugura\u00e7\u00e3o do \u00f3rg\u00e3o Arp Schnitger, que volta a acompanhar as celebra\u00e7\u00f5es da semana maior da f\u00e9 cat\u00f3lica. Al\u00e9m disso, no s\u00e1bado (28), acontece o concerto Stabat Mater, com a organista Josineia Godinho interpretando composi\u00e7\u00f5es cl\u00e1ssicas da Semana Santa na Minas do s\u00e9culo XVIII.<\/p>\n<p>Durante a Semana Santa, os c\u00e2nticos em latim, o Of\u00edcio de Trevas, a Prociss\u00e3o dos Passos e das Endoen\u00e7as (Fogar\u00e9u), o Descendimento da Cruz, a Prociss\u00e3o Luminosa da Paix\u00e3o, a b\u00ean\u00e7\u00e3o do Fogo Novo rompendo a Quaresma, a Prociss\u00e3o da Ressurrei\u00e7\u00e3o, al\u00e9m das visita\u00e7\u00f5es \u00e0s igrejas e aos museus, proporcionam a cada participante uma experi\u00eancia emocionante da for\u00e7a da f\u00e9 na primeira cidade e sede do primeiro bispado de Minas Gerais<\/p>\n<p>As celebra\u00e7\u00f5es s\u00e3o promovidas pela Par\u00f3quia da Catedral Bas\u00edlica de Nossa Senhora da Assun\u00e7\u00e3o, em conjunto com as outras duas par\u00f3quias da sede de Mariana \u2013 Sagrado Cora\u00e7\u00e3o de Jesus (Colina) e Nossa Senhora Aparecida (Cabanas) -, com o apoio da Prefeitura de Mariana, por meio da Secretaria de Patrim\u00f4nio Cultural e Turismo.\u00a0<\/p>\n<p>Para a realiza\u00e7\u00e3o das celebra\u00e7\u00f5es deste ano, o munic\u00edpio destinou R$ 222 mil, contemplando a confec\u00e7\u00e3o dos tapetes devocionais do Domingo de P\u00e1scoa e tamb\u00e9m do Corpus Christi.<\/p>\n<p><a href=\"https:\/\/drive.google.com\/file\/d\/1WwPt3rJML_EQASD8By_NC5gDsePV5ZdV\/view?usp=sharing\" target=\"_blank\" rel=\"noreferrer noopener\">Confira a programa\u00e7\u00e3o.<\/a><\/p>\n<p><em>Foto  e texto: Pedro Henrique Hudson<\/em><\/p><\/div>\n<p><\/a><\/p>\n<p>Fonte: territorionoticias.com.br<\/p>\n","protected":false},"excerpt":{"rendered":"<p>A Catedral\u00a0 Bas\u00edlica de Nossa Senhora da Assun\u00e7\u00e3o, a S\u00e9 de Mariana, divulgou a programa\u00e7\u00e3o da Semana Santa de 2026 na Primaz de Minas. Este \u00e9 um dos per\u00edodos mais ricos para a cultura de Mariana. Desde antes da cria\u00e7\u00e3o da Diocese, em 1745, e da chegada do primeiro bispo, Dom Frei Manoel da Cruz, [&hellip;]<\/p>\n","protected":false},"author":3,"featured_media":7819,"comment_status":"open","ping_status":"open","sticky":false,"template":"","format":"standard","meta":{"advanced_seo_description":"","jetpack_seo_html_title":"","jetpack_seo_noindex":false,"fifu_image_url":"https:\/\/territorionoticias.com.br\/wp-content\/uploads\/2026\/03\/53805141001_09cfc496c5_b.jpg","fifu_image_alt":"","_jetpack_memberships_contains_paid_content":false,"footnotes":"","jetpack_publicize_message":"","jetpack_publicize_feature_enabled":true,"jetpack_social_post_already_shared":true,"jetpack_social_options":{"image_generator_settings":{"template":"highway","default_image_id":0,"font":"","enabled":false},"version":2}},"categories":[105],"tags":[],"class_list":{"0":"post-7818","1":"post","2":"type-post","3":"status-publish","4":"format-standard","5":"has-post-thumbnail","7":"category-entretenimento"},"jetpack_publicize_connections":[],"jetpack_featured_media_url":"https:\/\/i0.wp.com\/territorionoticias.com.br\/wp-content\/uploads\/2026\/03\/53805141001_09cfc496c5_b.jpg?fit=%2C&ssl=1","jetpack_sharing_enabled":true,"jetpack-related-posts":[],"_links":{"self":[{"href":"https:\/\/friburgonoticias.com.br\/temp\/wp-json\/wp\/v2\/posts\/7818","targetHints":{"allow":["GET"]}}],"collection":[{"href":"https:\/\/friburgonoticias.com.br\/temp\/wp-json\/wp\/v2\/posts"}],"about":[{"href":"https:\/\/friburgonoticias.com.br\/temp\/wp-json\/wp\/v2\/types\/post"}],"author":[{"embeddable":true,"href":"https:\/\/friburgonoticias.com.br\/temp\/wp-json\/wp\/v2\/users\/3"}],"replies":[{"embeddable":true,"href":"https:\/\/friburgonoticias.com.br\/temp\/wp-json\/wp\/v2\/comments?post=7818"}],"version-history":[{"count":0,"href":"https:\/\/friburgonoticias.com.br\/temp\/wp-json\/wp\/v2\/posts\/7818\/revisions"}],"wp:featuredmedia":[{"embeddable":true,"href":"https:\/\/friburgonoticias.com.br\/temp\/wp-json\/wp\/v2\/media\/7819"}],"wp:attachment":[{"href":"https:\/\/friburgonoticias.com.br\/temp\/wp-json\/wp\/v2\/media?parent=7818"}],"wp:term":[{"taxonomy":"category","embeddable":true,"href":"https:\/\/friburgonoticias.com.br\/temp\/wp-json\/wp\/v2\/categories?post=7818"},{"taxonomy":"post_tag","embeddable":true,"href":"https:\/\/friburgonoticias.com.br\/temp\/wp-json\/wp\/v2\/tags?post=7818"}],"curies":[{"name":"wp","href":"https:\/\/api.w.org\/{rel}","templated":true}]}}