{"id":7838,"date":"2026-03-04T18:03:14","date_gmt":"2026-03-04T18:03:14","guid":{"rendered":"https:\/\/friburgonoticias.com.br\/temp\/2026\/03\/04\/comissao-de-defesa-da-mulher-da-alerj-convoca-reuniao-no-dia-10-de-marco-para-discutir-onda-de-feminicidios-no-rio\/"},"modified":"2026-03-04T18:03:14","modified_gmt":"2026-03-04T18:03:14","slug":"comissao-de-defesa-da-mulher-da-alerj-convoca-reuniao-no-dia-10-de-marco-para-discutir-onda-de-feminicidios-no-rio","status":"publish","type":"post","link":"https:\/\/friburgonoticias.com.br\/temp\/2026\/03\/04\/comissao-de-defesa-da-mulher-da-alerj-convoca-reuniao-no-dia-10-de-marco-para-discutir-onda-de-feminicidios-no-rio\/","title":{"rendered":"Comiss\u00e3o de Defesa da Mulher da Alerj convoca reuni\u00e3o no dia 10 de mar\u00e7o para discutir onda de feminic\u00eddios no Rio"},"content":{"rendered":"<p><\/p>\n<div itemprop=\"articleBody\">\nA <a href=\"https:\/\/temporealrj.com\/alerj-semana-da-mulher-votacoes-projetos\/\">Assembleia Legislativa do Rio (Alerj)<\/a> se re\u00fane no pr\u00f3ximo dia 10 de mar\u00e7o para discutir o aumento no n\u00famero de casos de feminic\u00eddio, estupro e outros crimes contra mulheres no Rio. O encontro \u00e9 organizado pela Comiss\u00e3o de Defesa dos Direitos da Mulher.<\/p>\n<p>A comiss\u00e3o \u00e9 presidida pela deputada Renata Souza (PSOL). Na mesma reuni\u00e3o, Renata vai apresentar, para os colegas da Alerj, a \u00faltima edi\u00e7\u00e3o do relat\u00f3rio anual do grupo, com dados referentes a a\u00e7\u00f5es de defesa da mulher em 2025.<\/p>\n<p>A reuni\u00e3o foi convocada ap\u00f3s a repercuss\u00e3o do caso de estupro coletivo sofrido por uma adolescente de 17 anos em Copacabana. Quatro jovens e um menor de idade violentaram a jovem no final de janeiro. Dois deles se entregaram \u00e0 Pol\u00edcia Civil nesta ter\u00e7a (03); dois dos maiores indiciados pelo crime seguiam foragidos na manh\u00e3 desta quinta (04).<\/p>\n<p><em>Com informa\u00e7\u00f5es do jornal \u201cO Globo\u201d.<\/em>\n<\/div>\n<p><\/a><\/p>\n<p>Fonte: temporealrj.com<\/p>\n","protected":false},"excerpt":{"rendered":"<p>A Assembleia Legislativa do Rio (Alerj) se re\u00fane no pr\u00f3ximo dia 10 de mar\u00e7o para discutir o aumento no n\u00famero de casos de feminic\u00eddio, estupro e outros crimes contra mulheres no Rio. O encontro \u00e9 organizado pela Comiss\u00e3o de Defesa dos Direitos da Mulher. A comiss\u00e3o \u00e9 presidida pela deputada Renata Souza (PSOL). Na mesma [&hellip;]<\/p>\n","protected":false},"author":3,"featured_media":7839,"comment_status":"open","ping_status":"open","sticky":false,"template":"","format":"standard","meta":{"advanced_seo_description":"","jetpack_seo_html_title":"","jetpack_seo_noindex":false,"fifu_image_url":"https:\/\/temporealrj.com\/wp-content\/uploads\/2026\/03\/renata-souza-psol-alerj.webp","fifu_image_alt":"","_jetpack_memberships_contains_paid_content":false,"footnotes":"","jetpack_publicize_message":"","jetpack_publicize_feature_enabled":true,"jetpack_social_post_already_shared":true,"jetpack_social_options":{"image_generator_settings":{"template":"highway","default_image_id":0,"font":"","enabled":false},"version":2}},"categories":[107],"tags":[],"class_list":{"0":"post-7838","1":"post","2":"type-post","3":"status-publish","4":"format-standard","5":"has-post-thumbnail","7":"category-economia"},"jetpack_publicize_connections":[],"jetpack_featured_media_url":"https:\/\/i0.wp.com\/temporealrj.com\/wp-content\/uploads\/2026\/03\/renata-souza-psol-alerj.webp?fit=%2C&ssl=1","jetpack_sharing_enabled":true,"jetpack-related-posts":[],"_links":{"self":[{"href":"https:\/\/friburgonoticias.com.br\/temp\/wp-json\/wp\/v2\/posts\/7838","targetHints":{"allow":["GET"]}}],"collection":[{"href":"https:\/\/friburgonoticias.com.br\/temp\/wp-json\/wp\/v2\/posts"}],"about":[{"href":"https:\/\/friburgonoticias.com.br\/temp\/wp-json\/wp\/v2\/types\/post"}],"author":[{"embeddable":true,"href":"https:\/\/friburgonoticias.com.br\/temp\/wp-json\/wp\/v2\/users\/3"}],"replies":[{"embeddable":true,"href":"https:\/\/friburgonoticias.com.br\/temp\/wp-json\/wp\/v2\/comments?post=7838"}],"version-history":[{"count":0,"href":"https:\/\/friburgonoticias.com.br\/temp\/wp-json\/wp\/v2\/posts\/7838\/revisions"}],"wp:featuredmedia":[{"embeddable":true,"href":"https:\/\/friburgonoticias.com.br\/temp\/wp-json\/wp\/v2\/media\/7839"}],"wp:attachment":[{"href":"https:\/\/friburgonoticias.com.br\/temp\/wp-json\/wp\/v2\/media?parent=7838"}],"wp:term":[{"taxonomy":"category","embeddable":true,"href":"https:\/\/friburgonoticias.com.br\/temp\/wp-json\/wp\/v2\/categories?post=7838"},{"taxonomy":"post_tag","embeddable":true,"href":"https:\/\/friburgonoticias.com.br\/temp\/wp-json\/wp\/v2\/tags?post=7838"}],"curies":[{"name":"wp","href":"https:\/\/api.w.org\/{rel}","templated":true}]}}