{"id":7882,"date":"2026-03-05T19:38:18","date_gmt":"2026-03-05T19:38:18","guid":{"rendered":"https:\/\/friburgonoticias.com.br\/temp\/2026\/03\/05\/comissao-aprova-aumento-de-pena-para-militar-que-cometer-estupro-de-vulneravel-com-lesao-grave-noticias\/"},"modified":"2026-03-05T19:38:18","modified_gmt":"2026-03-05T19:38:18","slug":"comissao-aprova-aumento-de-pena-para-militar-que-cometer-estupro-de-vulneravel-com-lesao-grave-noticias","status":"publish","type":"post","link":"https:\/\/friburgonoticias.com.br\/temp\/2026\/03\/05\/comissao-aprova-aumento-de-pena-para-militar-que-cometer-estupro-de-vulneravel-com-lesao-grave-noticias\/","title":{"rendered":"Comiss\u00e3o aprova aumento de pena para militar que cometer estupro de vulner\u00e1vel com les\u00e3o grave &#8211; Not\u00edcias"},"content":{"rendered":"<p><\/p>\n<div>\n<div>\n<p class=\"g-artigo__data-hora\">\n                      05\/03\/2026 &#8211; 15:50 \u00a0\n                    <\/p>\n<div id=\"image-container-1250782\" class=\"image-container\" style=\"float: none; margin: 45px 0px; width: 100%;\" data-midia=\"1250782\">\n        <em>Renato Ara\u00fajo \/ C\u00e2mara dos Deputados<\/em><\/p>\n<p>        Cajado: medida fortalece confian\u00e7a na integridade das corpora\u00e7\u00f5es\n        <\/p><\/div>\n<p>        A Comiss\u00e3o de Rela\u00e7\u00f5es Exteriores e de Defesa Nacional da C\u00e2mara dos Deputados aprovou o <a class=\"linkProposicao\" href=\"https:\/\/www.camara.leg.br\/noticias\/1250694-projeto-aumenta-pena-para-militar-em-caso-de-estupro-de-vulneravel-com-lesao-grave\">Projeto de Lei 4295\/25<\/a>, que prev\u00ea pena de reclus\u00e3o de 10 a 20 anos para o crime de estupro de vulner\u00e1vel cometido por militar, quando a conduta resultar em les\u00e3o corporal de natureza grave.<br \/>\n        O relator, deputado Claudio Cajado (PP-BA), recomendou a aprova\u00e7\u00e3o do texto. \u201cA medida fortalece a confian\u00e7a interna e externa na integridade das corpora\u00e7\u00f5es militares\u201d, afirmou ele no parecer aprovado.<br \/>\n        \u201cNo contexto militar, onde a hierarquia e a disciplina s\u00e3o pilares essenciais, n\u00e3o se pode admitir que condutas de extrema gravidade encontrem reprimenda mais branda no sistema militar do que no sistema penal civil\u201d, disse Claudio Cajado.<br \/>\n        <strong>Equipara\u00e7\u00e3o<\/strong><br \/>Segundo a autora, deputada Laura Carneiro (PSD-RJ), a mudan\u00e7a equipara a pena do <a href=\"https:\/\/www2.camara.leg.br\/legin\/fed\/declei\/1960-1969\/decreto-lei-1001-21-outubro-1969-376258-publicacaooriginal-1-pe.html\">C\u00f3digo Penal Militar<\/a>, que hoje admite 8 a 15 anos nesses casos, \u00e0quela do <a href=\"https:\/\/www2.camara.leg.br\/legin\/fed\/declei\/1940-1949\/decreto-lei-2848-7-dezembro-1940-412868-norma-pe.html\">C\u00f3digo Penal<\/a> comum. O Supremo Tribunal Federal j\u00e1 analisa essa disparidade.<br \/>\n        Laura Carneiro disse ainda que o objetivo \u00e9 evitar a inseguran\u00e7a decorrente de interpreta\u00e7\u00f5es judiciais oscilantes sobre o tema. \u201cA aprova\u00e7\u00e3o do projeto elimina a incoer\u00eancia atualmente apontada entre os dois sistemas penais\u201d, afirmou.<br \/>\n        <strong>Pr\u00f3ximos passos<\/strong><br \/>O projeto ainda ser\u00e1 analisado pela Comiss\u00e3o de Constitui\u00e7\u00e3o e Justi\u00e7a e de Cidadania. Depois seguir\u00e1 para o Plen\u00e1rio. Para virar lei, ter\u00e1 de ser aprovado pela C\u00e2mara e pelo Senado.<br \/>\n        <a href=\"https:\/\/www.camara.leg.br\/noticias\/573454-SAIBA-MAIS-SOBRE-A-TRAMITACAO-DE-PROJETOS-DE-LEI\">Saiba mais sobre a tramita\u00e7\u00e3o de projetos de lei<\/a><\/p>\n<p style=\"font-size: 0.8rem; font-weight: 700;\">Da Reportagem\/RM<br \/>Edi\u00e7\u00e3o \u2013 Ana Chalub<\/p>\n<\/p><\/div>\n<\/p><\/div>\n<p><\/a><\/p>\n<p>Fonte: www.camara.leg.br<\/p>\n","protected":false},"excerpt":{"rendered":"<p>05\/03\/2026 &#8211; 15:50 \u00a0 Renato Ara\u00fajo \/ C\u00e2mara dos Deputados Cajado: medida fortalece confian\u00e7a na integridade das corpora\u00e7\u00f5es A Comiss\u00e3o de Rela\u00e7\u00f5es Exteriores e de Defesa Nacional da C\u00e2mara dos Deputados aprovou o Projeto de Lei 4295\/25, que prev\u00ea pena de reclus\u00e3o de 10 a 20 anos para o crime de estupro de vulner\u00e1vel cometido [&hellip;]<\/p>\n","protected":false},"author":3,"featured_media":7883,"comment_status":"open","ping_status":"open","sticky":false,"template":"","format":"standard","meta":{"advanced_seo_description":"","jetpack_seo_html_title":"","jetpack_seo_noindex":false,"fifu_image_url":"https:\/\/www.camara.leg.br\/midias\/image\/2026\/03\/img20260303163746427-768x474.jpeg","fifu_image_alt":"","_jetpack_memberships_contains_paid_content":false,"footnotes":"","jetpack_publicize_message":"","jetpack_publicize_feature_enabled":true,"jetpack_social_post_already_shared":true,"jetpack_social_options":{"image_generator_settings":{"template":"highway","default_image_id":0,"font":"","enabled":false},"version":2}},"categories":[106,1],"tags":[],"class_list":{"0":"post-7882","1":"post","2":"type-post","3":"status-publish","4":"format-standard","5":"has-post-thumbnail","7":"category-politica","8":"category-uncategorized"},"jetpack_publicize_connections":[],"jetpack_featured_media_url":"https:\/\/i0.wp.com\/www.camara.leg.br\/midias\/image\/2026\/03\/img20260303163746427-768x474.jpeg?fit=%2C&ssl=1","jetpack_sharing_enabled":true,"jetpack-related-posts":[],"_links":{"self":[{"href":"https:\/\/friburgonoticias.com.br\/temp\/wp-json\/wp\/v2\/posts\/7882","targetHints":{"allow":["GET"]}}],"collection":[{"href":"https:\/\/friburgonoticias.com.br\/temp\/wp-json\/wp\/v2\/posts"}],"about":[{"href":"https:\/\/friburgonoticias.com.br\/temp\/wp-json\/wp\/v2\/types\/post"}],"author":[{"embeddable":true,"href":"https:\/\/friburgonoticias.com.br\/temp\/wp-json\/wp\/v2\/users\/3"}],"replies":[{"embeddable":true,"href":"https:\/\/friburgonoticias.com.br\/temp\/wp-json\/wp\/v2\/comments?post=7882"}],"version-history":[{"count":0,"href":"https:\/\/friburgonoticias.com.br\/temp\/wp-json\/wp\/v2\/posts\/7882\/revisions"}],"wp:featuredmedia":[{"embeddable":true,"href":"https:\/\/friburgonoticias.com.br\/temp\/wp-json\/wp\/v2\/media\/7883"}],"wp:attachment":[{"href":"https:\/\/friburgonoticias.com.br\/temp\/wp-json\/wp\/v2\/media?parent=7882"}],"wp:term":[{"taxonomy":"category","embeddable":true,"href":"https:\/\/friburgonoticias.com.br\/temp\/wp-json\/wp\/v2\/categories?post=7882"},{"taxonomy":"post_tag","embeddable":true,"href":"https:\/\/friburgonoticias.com.br\/temp\/wp-json\/wp\/v2\/tags?post=7882"}],"curies":[{"name":"wp","href":"https:\/\/api.w.org\/{rel}","templated":true}]}}