{"id":7922,"date":"2026-03-08T14:13:31","date_gmt":"2026-03-08T14:13:31","guid":{"rendered":"https:\/\/friburgonoticias.com.br\/temp\/2026\/03\/08\/ex-deputado-comte-bittencourt-e-eleito-presidente-do-partido-dois-dias-apos-sigla-eleger-outro-nome\/"},"modified":"2026-03-08T14:13:31","modified_gmt":"2026-03-08T14:13:31","slug":"ex-deputado-comte-bittencourt-e-eleito-presidente-do-partido-dois-dias-apos-sigla-eleger-outro-nome","status":"publish","type":"post","link":"https:\/\/friburgonoticias.com.br\/temp\/2026\/03\/08\/ex-deputado-comte-bittencourt-e-eleito-presidente-do-partido-dois-dias-apos-sigla-eleger-outro-nome\/","title":{"rendered":"ex-deputado Comte Bittencourt \u00e9 eleito presidente do partido dois dias ap\u00f3s sigla eleger outro nome"},"content":{"rendered":"<p><\/p>\n<div itemprop=\"articleBody\">\nMeses antes da disputa eleitoral nas urnas em outubro, o <a href=\"https:\/\/temporealrj.com\/paes-nomeia-vinicius-cordeiro-presidente-municipal-do-cidadania-diretor-na-rio-urbe\/\">Cidadania<\/a> j\u00e1 come\u00e7ou o ano em clima de disputas \u2014 internas, por ora, no caso da sigla. Congressos diferentes do partido elegeram, em um intervalo de dois dias, dois presidentes distintos para comandar a sigla.<\/p>\n<p>Nesta sexta (06), o ex-deputado e ex-vice-prefeito de Niter\u00f3i Comte Bittencourt foi reconduzido \u00e0 presid\u00eancia do partido em um congresso nacional, realizado online com mais de 570 participantes. 64 delegados apoiaram Comte no comando do diret\u00f3rio nacional.<\/p>\n<p>S\u00f3 que, na quarta-feira (04), um outro congresso da sigla \u2014 que aconteceu presencialmente em S\u00e3o Bernardo do Campo, S\u00e3o Paulo \u2014 j\u00e1 tinha escolhido o deputado Alex Manente para comandar o Cidadania. Manente recebeu o t\u00edtulo de Roberto Freire, que reassumiu o controle da legenda por meio de liminar em dezembro.<\/p>\n<p>Comte e Freire representam grupos com vis\u00f5es distintas dentro do partido e j\u00e1 disputavam na Justi\u00e7a o t\u00edtulo de presidente nacional da sigla. A expectativa \u00e9 de que o caso dos dois presidentes volte a mobilizar uma a\u00e7\u00e3o judicial. Por mais que as \u00faltimas decis\u00f5es tenham favorecido o grupo de Freire, a ala ligada a Comte Bittencourt tenta defender que tem maioria dentro do partido e que seguiu o estatuto da legenda.<\/p>\n<h2 class=\"wp-block-heading\">Treta no Cidadania pode afetar federa\u00e7\u00e3o do partido \u00e0s v\u00e9speras da elei\u00e7\u00e3o<\/h2>\n<p>As disputas colocam sob tens\u00e3o a situa\u00e7\u00e3o do Cidadania com aliados, <a href=\"https:\/\/temporealrj.com\/ninho-tucano-se-esvazia-no-rio-cidadania-recebe-filiados-oriundos-do-psdb\/\">como o PSDB, partido que formou federa\u00e7\u00e3o com a sigla nas \u00faltimas elei\u00e7\u00f5es<\/a>. Manente, um dos presidentes eleitos nesta semana, tem uma reuni\u00e3o marcada na pr\u00f3xima ter\u00e7a (10) com A\u00e9cio Neves, que preside os tucanos, para articular a \u201crenova\u00e7\u00e3o\u201d da parceria.<\/p>\n<p>No entanto, a federa\u00e7\u00e3o pode n\u00e3o se manter caso a ala de oposi\u00e7\u00e3o \u00e0 Manente fique no poder. Os grupos aguardam o desenrolar judicial do caso para estabelecer as posi\u00e7\u00f5es sobre as parcerias.<\/p>\n<p>No ano passado, Comte chegou a\u00a0 dizer, publicamente, que pensava em formar uma federa\u00e7\u00e3o com o PSB nas pr\u00f3ximas elei\u00e7\u00f5es. Candidato a vice-governador na chapa de Eduardo Paes (PSD) em 2018, ele j\u00e1 tinha adiantado que a tend\u00eancia da sigla era apoiar o prefeito do Rio na disputa pelo governo estadual. O partido deve confirmar suas posi\u00e7\u00f5es para as elei\u00e7\u00f5es no Rio nos pr\u00f3ximos meses.<\/p>\n<p><em>Com informa\u00e7\u00f5es do portal \u201cPlat\u00f4BR\u201d.<\/em>\n<\/div>\n<p><\/a><\/p>\n<p>Fonte: temporealrj.com<\/p>\n","protected":false},"excerpt":{"rendered":"<p>Meses antes da disputa eleitoral nas urnas em outubro, o Cidadania j\u00e1 come\u00e7ou o ano em clima de disputas \u2014 internas, por ora, no caso da sigla. Congressos diferentes do partido elegeram, em um intervalo de dois dias, dois presidentes distintos para comandar a sigla. Nesta sexta (06), o ex-deputado e ex-vice-prefeito de Niter\u00f3i Comte [&hellip;]<\/p>\n","protected":false},"author":3,"featured_media":7923,"comment_status":"open","ping_status":"open","sticky":false,"template":"","format":"standard","meta":{"advanced_seo_description":"","jetpack_seo_html_title":"","jetpack_seo_noindex":false,"fifu_image_url":"https:\/\/temporealrj.com\/wp-content\/uploads\/2026\/03\/imgonline-com-ua-twotoone-wrnRnERQ9o2J-e1772978111602.jpg","fifu_image_alt":"","_jetpack_memberships_contains_paid_content":false,"footnotes":"","jetpack_publicize_message":"","jetpack_publicize_feature_enabled":true,"jetpack_social_post_already_shared":true,"jetpack_social_options":{"image_generator_settings":{"template":"highway","default_image_id":0,"font":"","enabled":false},"version":2}},"categories":[107],"tags":[],"class_list":{"0":"post-7922","1":"post","2":"type-post","3":"status-publish","4":"format-standard","5":"has-post-thumbnail","7":"category-economia"},"jetpack_publicize_connections":[],"jetpack_featured_media_url":"https:\/\/i0.wp.com\/temporealrj.com\/wp-content\/uploads\/2026\/03\/imgonline-com-ua-twotoone-wrnRnERQ9o2J-e1772978111602.jpg?fit=%2C&ssl=1","jetpack_sharing_enabled":true,"jetpack-related-posts":[],"_links":{"self":[{"href":"https:\/\/friburgonoticias.com.br\/temp\/wp-json\/wp\/v2\/posts\/7922","targetHints":{"allow":["GET"]}}],"collection":[{"href":"https:\/\/friburgonoticias.com.br\/temp\/wp-json\/wp\/v2\/posts"}],"about":[{"href":"https:\/\/friburgonoticias.com.br\/temp\/wp-json\/wp\/v2\/types\/post"}],"author":[{"embeddable":true,"href":"https:\/\/friburgonoticias.com.br\/temp\/wp-json\/wp\/v2\/users\/3"}],"replies":[{"embeddable":true,"href":"https:\/\/friburgonoticias.com.br\/temp\/wp-json\/wp\/v2\/comments?post=7922"}],"version-history":[{"count":0,"href":"https:\/\/friburgonoticias.com.br\/temp\/wp-json\/wp\/v2\/posts\/7922\/revisions"}],"wp:featuredmedia":[{"embeddable":true,"href":"https:\/\/friburgonoticias.com.br\/temp\/wp-json\/wp\/v2\/media\/7923"}],"wp:attachment":[{"href":"https:\/\/friburgonoticias.com.br\/temp\/wp-json\/wp\/v2\/media?parent=7922"}],"wp:term":[{"taxonomy":"category","embeddable":true,"href":"https:\/\/friburgonoticias.com.br\/temp\/wp-json\/wp\/v2\/categories?post=7922"},{"taxonomy":"post_tag","embeddable":true,"href":"https:\/\/friburgonoticias.com.br\/temp\/wp-json\/wp\/v2\/tags?post=7922"}],"curies":[{"name":"wp","href":"https:\/\/api.w.org\/{rel}","templated":true}]}}