{"id":7924,"date":"2026-03-08T19:53:30","date_gmt":"2026-03-08T19:53:30","guid":{"rendered":"https:\/\/friburgonoticias.com.br\/temp\/2026\/03\/08\/ministro-gilmar-mendes-da-72-horas-para-mprj-comprovar-que-suspendeu-penduricalhos\/"},"modified":"2026-03-08T19:53:30","modified_gmt":"2026-03-08T19:53:30","slug":"ministro-gilmar-mendes-da-72-horas-para-mprj-comprovar-que-suspendeu-penduricalhos","status":"publish","type":"post","link":"https:\/\/friburgonoticias.com.br\/temp\/2026\/03\/08\/ministro-gilmar-mendes-da-72-horas-para-mprj-comprovar-que-suspendeu-penduricalhos\/","title":{"rendered":"Ministro Gilmar Mendes d\u00e1 72 horas para MPRJ comprovar que suspendeu \u2018penduricalhos\u2019"},"content":{"rendered":"<p><\/p>\n<div itemprop=\"articleBody\">\nOs <a href=\"https:\/\/temporealrj.com\/gratificacoes-salarios-mprj-superarem-r-100-mil\/\">chamados \u201cpenduricalhos\u201d nos sal\u00e1rios do Minist\u00e9rio P\u00fablico do Rio (MPRJ)<\/a> voltaram a entrar na mira do Supremo Tribunal Federal (STF). O ministro Gilmar Mendes determinou, neste domingo (08), que a institui\u00e7\u00e3o envie, em at\u00e9 72 horas, documentos que comprovem o cumprimento de uma decis\u00e3o anterior da Corte, que <a href=\"https:\/\/temporealrj.com\/gilmar-determina-fim-penduricalhos-estaduais\/\">suspendeu o pagamento de verbas indenizat\u00f3rias acima do teto constitucional<\/a>.<\/p>\n<p>O MPRJ j\u00e1 enviou documentos ao STF, mas, para o ministro, as informa\u00e7\u00f5es foram insuficientes para comprovar se os \u201cpenduricalhos\u201d foram cortados conforme a determina\u00e7\u00e3o. Gilmar pediu a discrimina\u00e7\u00e3o completa de todas as verbas remunerat\u00f3rias e gratifica\u00e7\u00f5es pagas nos meses de janeiro e fevereiro de 2026.<\/p>\n<h2 class=\"wp-block-heading\">Ministro tamb\u00e9m exige programa\u00e7\u00e3o financeira do MPRJ<\/h2>\n<p>Al\u00e9m da folha de pagamentos dos \u00faltimos meses, a decis\u00e3o tamb\u00e9m determina que o MPRJ envie toda a programa\u00e7\u00e3o financeira prevista para os meses de janeiro a abril deste ano. O objetivo \u00e9 cruzar dados e garantir que apenas pagamentos j\u00e1 agendados \u2014 e autorizados excepcionalmente \u2014 tenham sido realizados.<\/p>\n<p>Gilmar Mendes tamb\u00e9m destacou que n\u00e3o vai aceitar documentos criados posteriormente para justificar repasses retroativos.<\/p>\n<p>Por fim, al\u00e9m da presta\u00e7\u00e3o de contas, o despacho tamb\u00e9m exige que o caso seja comunicado ao Conselho Nacional do Minist\u00e9rio P\u00fablico (CNMP), para que o \u00f3rg\u00e3o nacional possa tomar medidas administrativas, caso necess\u00e1rio.<\/p>\n<p>A decis\u00e3o segue uma a\u00e7\u00e3o no STF que questiona a legalidade de algumas gratifica\u00e7\u00f5es na folha do MPRJ. Os benef\u00edcios elevam os rendimentos de alguns servidores acima do teto constitucional, pr\u00e1tica que foi vetada no funcionalismo p\u00fablico por decis\u00e3o do pr\u00f3prio Supremo.\n<\/p><\/div>\n<p><\/a><\/p>\n<p>Fonte: temporealrj.com<\/p>\n","protected":false},"excerpt":{"rendered":"<p>Os chamados \u201cpenduricalhos\u201d nos sal\u00e1rios do Minist\u00e9rio P\u00fablico do Rio (MPRJ) voltaram a entrar na mira do Supremo Tribunal Federal (STF). O ministro Gilmar Mendes determinou, neste domingo (08), que a institui\u00e7\u00e3o envie, em at\u00e9 72 horas, documentos que comprovem o cumprimento de uma decis\u00e3o anterior da Corte, que suspendeu o pagamento de verbas indenizat\u00f3rias [&hellip;]<\/p>\n","protected":false},"author":3,"featured_media":7925,"comment_status":"open","ping_status":"open","sticky":false,"template":"","format":"standard","meta":{"advanced_seo_description":"","jetpack_seo_html_title":"","jetpack_seo_noindex":false,"fifu_image_url":"https:\/\/temporealrj.com\/wp-content\/uploads\/2026\/03\/gilmar-mendes-stf-e1772999157216.webp","fifu_image_alt":"","_jetpack_memberships_contains_paid_content":false,"footnotes":"","jetpack_publicize_message":"","jetpack_publicize_feature_enabled":true,"jetpack_social_post_already_shared":true,"jetpack_social_options":{"image_generator_settings":{"template":"highway","default_image_id":0,"font":"","enabled":false},"version":2}},"categories":[106,1],"tags":[],"class_list":{"0":"post-7924","1":"post","2":"type-post","3":"status-publish","4":"format-standard","5":"has-post-thumbnail","7":"category-politica","8":"category-uncategorized"},"jetpack_publicize_connections":[],"jetpack_featured_media_url":"https:\/\/i0.wp.com\/temporealrj.com\/wp-content\/uploads\/2026\/03\/gilmar-mendes-stf-e1772999157216.webp?fit=%2C&ssl=1","jetpack_sharing_enabled":true,"jetpack-related-posts":[],"_links":{"self":[{"href":"https:\/\/friburgonoticias.com.br\/temp\/wp-json\/wp\/v2\/posts\/7924","targetHints":{"allow":["GET"]}}],"collection":[{"href":"https:\/\/friburgonoticias.com.br\/temp\/wp-json\/wp\/v2\/posts"}],"about":[{"href":"https:\/\/friburgonoticias.com.br\/temp\/wp-json\/wp\/v2\/types\/post"}],"author":[{"embeddable":true,"href":"https:\/\/friburgonoticias.com.br\/temp\/wp-json\/wp\/v2\/users\/3"}],"replies":[{"embeddable":true,"href":"https:\/\/friburgonoticias.com.br\/temp\/wp-json\/wp\/v2\/comments?post=7924"}],"version-history":[{"count":0,"href":"https:\/\/friburgonoticias.com.br\/temp\/wp-json\/wp\/v2\/posts\/7924\/revisions"}],"wp:featuredmedia":[{"embeddable":true,"href":"https:\/\/friburgonoticias.com.br\/temp\/wp-json\/wp\/v2\/media\/7925"}],"wp:attachment":[{"href":"https:\/\/friburgonoticias.com.br\/temp\/wp-json\/wp\/v2\/media?parent=7924"}],"wp:term":[{"taxonomy":"category","embeddable":true,"href":"https:\/\/friburgonoticias.com.br\/temp\/wp-json\/wp\/v2\/categories?post=7924"},{"taxonomy":"post_tag","embeddable":true,"href":"https:\/\/friburgonoticias.com.br\/temp\/wp-json\/wp\/v2\/tags?post=7924"}],"curies":[{"name":"wp","href":"https:\/\/api.w.org\/{rel}","templated":true}]}}