{"id":7946,"date":"2026-03-09T18:08:29","date_gmt":"2026-03-09T18:08:29","guid":{"rendered":"https:\/\/friburgonoticias.com.br\/temp\/2026\/03\/09\/projeto-cria-sistema-nacional-de-combate-a-violencia-contra-a-mulher-e-destina-r-5-bilhoes-para-conter-feminicidios-noticias\/"},"modified":"2026-03-09T18:08:29","modified_gmt":"2026-03-09T18:08:29","slug":"projeto-cria-sistema-nacional-de-combate-a-violencia-contra-a-mulher-e-destina-r-5-bilhoes-para-conter-feminicidios-noticias","status":"publish","type":"post","link":"https:\/\/friburgonoticias.com.br\/temp\/2026\/03\/09\/projeto-cria-sistema-nacional-de-combate-a-violencia-contra-a-mulher-e-destina-r-5-bilhoes-para-conter-feminicidios-noticias\/","title":{"rendered":"Projeto cria sistema nacional de combate \u00e0 viol\u00eancia contra a mulher e destina R$ 5 bilh\u00f5es para conter feminic\u00eddios &#8211; Not\u00edcias"},"content":{"rendered":"<p><\/p>\n<div>\n<p class=\"g-artigo__data-hora\">\n                      09\/03\/2026 &#8211; 14:46 \u00a0\n                    <\/p>\n<div id=\"image-container-1251544\" class=\"image-container\" style=\"float: none; margin: 45px 0px; width: 100%;\" data-midia=\"1251544\">\n        <em>Vinicius Loures\/C\u00e2mara dos Deputados<\/em><\/p>\n<p>        Jack Rocha: o Brasil registrou recorde de feminic\u00eddios em 2025\n        <\/p><\/div>\n<p>        O Projeto de Lei Complementar (PLP) 41\/26 cria o Sistema Nacional de Enfrentamento da Viol\u00eancia contra Meninas e Mulheres e autoriza a Uni\u00e3o a destinar at\u00e9 R$ 5 bilh\u00f5es para a\u00e7\u00f5es emergenciais de combate ao feminic\u00eddio.<br \/>\n        As despesas ser\u00e3o exclu\u00eddas do limite de gastos, em raz\u00e3o da natureza emergencial da prote\u00e7\u00e3o \u00e0s mulheres.<br \/>\n        A proposta, da deputada Jack Rocha (PT-ES) e <a href=\"https:\/\/www.camara.leg.br\/proposicoesWeb\/prop_autores?idProposicao=2606313\">outros parlamentares<\/a>, prev\u00ea que os recursos sejam transferidos diretamente a estados, munic\u00edpios e ao Distrito Federal, no \u00e2mbito do Pacto Nacional Brasil contra o Feminic\u00eddio.<br \/>\n        O objetivo da medida, que est\u00e1 em an\u00e1lise na C\u00e2mara dos Deputados, \u00e9 induzir a\u00e7\u00f5es integradas e descentralizadas para garantir a vida de meninas e mulheres. <a href=\"https:\/\/www.camara.leg.br\/noticias\/1250663-prioridades-da-bancada-feminina-para-2026-tem-foco-no-combate-ao-feminicidio-e-na-busca-por-orcamento\/\">O projeto de lei \u00e9 uma das prioridades de vota\u00e7\u00e3o da bancada feminina<\/a>.<br \/>\n        Pelo texto, o sistema funcionar\u00e1 em regime de colabora\u00e7\u00e3o entre os entes federativos, servindo como instrumento de articula\u00e7\u00e3o, gest\u00e3o e promo\u00e7\u00e3o de pol\u00edticas p\u00fablicas de preven\u00e7\u00e3o.<br \/>\n        <strong>Divis\u00e3o dos recursos<\/strong><br \/>O montante de R$ 5 bilh\u00f5es ser\u00e1 distribu\u00eddo ao longo de tr\u00eas anos, conforme a disponibilidade or\u00e7ament\u00e1ria:<\/p>\n<ul>\n<li>2026: at\u00e9 R$ 3 bilh\u00f5es;<\/li>\n<li>2027: at\u00e9 R$ 1 bilh\u00e3o; e<\/li>\n<li>2028: at\u00e9 R$ 1 bilh\u00e3o.<\/li>\n<\/ul>\n<p>        Os recursos ser\u00e3o divididos igualmente: 50% para os estados; e 50% para os munic\u00edpios.<br \/>\n        O repasse ser\u00e1 feito de forma direta, sem a necessidade de conv\u00eanios ou contratos, desde que o ente benefici\u00e1rio apresente um plano de a\u00e7\u00e3o e mantenha os valores em conta banc\u00e1ria espec\u00edfica.<br \/>\n        <strong>Prioridades e diretrizes<\/strong><br \/>O projeto estabelece que, no m\u00ednimo, 30% dos recursos recebidos por estados e munic\u00edpios sejam aplicados em duas \u00e1reas espec\u00edficas:<\/p>\n<ul>\n<li>na educa\u00e7\u00e3o para o combate \u00e0 cultura de viol\u00eancia (especialmente para homens e meninos); e<\/li>\n<li>no fortalecimento da rede de atendimento \u00e0s mulheres.<\/li>\n<\/ul>\n<p>        Entre as diretrizes do novo sistema est\u00e3o o refor\u00e7o da prote\u00e7\u00e3o a mulheres em situa\u00e7\u00f5es de risco de feminic\u00eddio e o aprimoramento da transpar\u00eancia de dados e indicadores.<br \/>\n        <strong>Gravidade<\/strong><br \/>Jack Rocha destaca a gravidade dos dados de viol\u00eancia contra a mulher: em 2025, o Brasil registrou 1.568 feminic\u00eddios, segundo o F\u00f3rum Brasileiro de Seguran\u00e7a P\u00fablica.<br \/>\n        \u201cA viol\u00eancia contra mulheres e meninas, notadamente em sua forma letal \u2013 o feminic\u00eddio \u2013, permanece como um dos mais graves desafios de direitos humanos e de seguran\u00e7a p\u00fablica no Brasil\u201d, afirma a deputada.<br \/>\n        Para ela, a cria\u00e7\u00e3o do sistema nacional transformar\u00e1 compromissos pol\u00edticos em medidas pr\u00e1ticas.<br \/>\n        \u201cReconhecer o feminic\u00eddio como calamidade p\u00fablica n\u00e3o constitui mero recurso ret\u00f3rico, mas proposta concreta de enfrentamento e de reconhecimento institucional da gravidade extrema da viol\u00eancia contra a mulher no pa\u00eds\u201d, diz Jack Rocha.<br \/>\n        <strong>Fiscaliza\u00e7\u00e3o<\/strong><br \/>Para garantir o uso correto das verbas, a proposta prev\u00ea a cria\u00e7\u00e3o de uma inst\u00e2ncia de governan\u00e7a para monitorar e avaliar as a\u00e7\u00f5es.<br \/>\n        Os entes que n\u00e3o apresentarem planos de a\u00e7\u00e3o ou que descumprirem as exig\u00eancias de transpar\u00eancia ter\u00e3o os repasses suspensos.<br \/>\n        A presta\u00e7\u00e3o de contas seguir\u00e1 procedimentos simplificados, focados em resultados e na rastreabilidade do dinheiro.<br \/>\n        <strong>Pr\u00f3ximos passos<\/strong><br \/>O projeto ser\u00e1 analisado por comiss\u00f5es t\u00e9cnicas da C\u00e2mara e tamb\u00e9m pelo Plen\u00e1rio.<br \/>\n        Para virar lei, precisa ser aprovado por deputados e senadores.<\/p>\n<p>        \u00a0<br \/>\n        \u00a0<br \/>\n        <iframe class=\"infografico-container\" style=\"width: 100%; height: 100%;\" src=\"https:\/\/www.camara.leg.br\/internet\/agencia\/infograficos-html5\/feminicidios-no-brasil-em-2025\/index.html\" frameborder=\"0\" data-mce-fragment=\"1\"><\/iframe><br \/>\n        \u00a0<br \/>\n        \u00a0<\/p>\n<p style=\"font-size: 0.8rem; font-weight: 700;\">Reportagem \u2013 No\u00e9li Nobre<br \/>Edi\u00e7\u00e3o \u2013 Marcelo Oliveira<\/p>\n<\/p><\/div>\n<p><\/a><\/p>\n<p>Fonte: www.camara.leg.br<\/p>\n","protected":false},"excerpt":{"rendered":"<p>09\/03\/2026 &#8211; 14:46 \u00a0 Vinicius Loures\/C\u00e2mara dos Deputados Jack Rocha: o Brasil registrou recorde de feminic\u00eddios em 2025 O Projeto de Lei Complementar (PLP) 41\/26 cria o Sistema Nacional de Enfrentamento da Viol\u00eancia contra Meninas e Mulheres e autoriza a Uni\u00e3o a destinar at\u00e9 R$ 5 bilh\u00f5es para a\u00e7\u00f5es emergenciais de combate ao feminic\u00eddio. As [&hellip;]<\/p>\n","protected":false},"author":3,"featured_media":7947,"comment_status":"open","ping_status":"open","sticky":false,"template":"","format":"standard","meta":{"advanced_seo_description":"","jetpack_seo_html_title":"","jetpack_seo_noindex":false,"fifu_image_url":"https:\/\/www.camara.leg.br\/midias\/image\/2026\/03\/img20260304172622065-768x473.jpg","fifu_image_alt":"","_jetpack_memberships_contains_paid_content":false,"footnotes":"","jetpack_publicize_message":"","jetpack_publicize_feature_enabled":true,"jetpack_social_post_already_shared":true,"jetpack_social_options":{"image_generator_settings":{"template":"highway","default_image_id":0,"font":"","enabled":false},"version":2}},"categories":[106,1],"tags":[],"class_list":{"0":"post-7946","1":"post","2":"type-post","3":"status-publish","4":"format-standard","5":"has-post-thumbnail","7":"category-politica","8":"category-uncategorized"},"jetpack_publicize_connections":[],"jetpack_featured_media_url":"https:\/\/i0.wp.com\/www.camara.leg.br\/midias\/image\/2026\/03\/img20260304172622065-768x473.jpg?fit=%2C&ssl=1","jetpack_sharing_enabled":true,"jetpack-related-posts":[],"_links":{"self":[{"href":"https:\/\/friburgonoticias.com.br\/temp\/wp-json\/wp\/v2\/posts\/7946","targetHints":{"allow":["GET"]}}],"collection":[{"href":"https:\/\/friburgonoticias.com.br\/temp\/wp-json\/wp\/v2\/posts"}],"about":[{"href":"https:\/\/friburgonoticias.com.br\/temp\/wp-json\/wp\/v2\/types\/post"}],"author":[{"embeddable":true,"href":"https:\/\/friburgonoticias.com.br\/temp\/wp-json\/wp\/v2\/users\/3"}],"replies":[{"embeddable":true,"href":"https:\/\/friburgonoticias.com.br\/temp\/wp-json\/wp\/v2\/comments?post=7946"}],"version-history":[{"count":0,"href":"https:\/\/friburgonoticias.com.br\/temp\/wp-json\/wp\/v2\/posts\/7946\/revisions"}],"wp:featuredmedia":[{"embeddable":true,"href":"https:\/\/friburgonoticias.com.br\/temp\/wp-json\/wp\/v2\/media\/7947"}],"wp:attachment":[{"href":"https:\/\/friburgonoticias.com.br\/temp\/wp-json\/wp\/v2\/media?parent=7946"}],"wp:term":[{"taxonomy":"category","embeddable":true,"href":"https:\/\/friburgonoticias.com.br\/temp\/wp-json\/wp\/v2\/categories?post=7946"},{"taxonomy":"post_tag","embeddable":true,"href":"https:\/\/friburgonoticias.com.br\/temp\/wp-json\/wp\/v2\/tags?post=7946"}],"curies":[{"name":"wp","href":"https:\/\/api.w.org\/{rel}","templated":true}]}}